{"id":3397,"date":"2018-10-09T12:21:39","date_gmt":"2018-10-09T10:21:39","guid":{"rendered":"http:\/\/wsse.krakow.pl\/page\/?p=3397"},"modified":"2019-02-05T13:52:48","modified_gmt":"2019-02-05T12:52:48","slug":"konferencja-naukowa-nizp-pzh-zywnosc-woda-i-powietrze-czy-zyjemy-w-bezpiecznym-otoczeniu-13-11-2018-r","status":"publish","type":"post","link":"https:\/\/wsse.krakow.pl\/page\/konferencja-naukowa-nizp-pzh-zywnosc-woda-i-powietrze-czy-zyjemy-w-bezpiecznym-otoczeniu-13-11-2018-r\/","title":{"rendered":"Konferencja naukowa NIZP-PZH \u201e\u017bywno\u015b\u0107, woda i powietrze \u2013 czy \u017cyjemy w bezpiecznym otoczeniu&#8221; 13.11.2018 r."},"content":{"rendered":"<p>Szanowni Pa\u0144stwo!<\/p>\n<p>Z okazji obchod\u00f3w 100-lecia istnienia Narodowego Instytutu Zdrowia Publicznego &#8211; PZH, w dniu 13 listopada 2018 r. w Narodowym Instytucie Zdrowia Publicznego organizowana jest konferencja\u00a0pt.:\u00a0\u201e\u017bywno\u015b\u0107, woda i powietrze \u2013 czy \u017cyjemy w bezpiecznym otoczeniu&#8221;, kt\u00f3ra jest trzeci\u0105, ostatni\u0105 z zaplanowanych konferencji u\u015bwietniaj\u0105cych ten jubileusz.<\/p>\n<p>Konferencja b\u0119dzie dotyczy\u0142a identyfikacji i oceny ryzyka skutk\u00f3w zdrowotnych ze strony najistotniejszych zagro\u017ce\u0144 wyst\u0119puj\u0105cych w \u017cywno\u015bci, wodzie i powietrzu, wynikaj\u0105cych z antropogennego stresu chemicznego w \u015brodowisku i zmian klimatycznych, a tak\u017ce zwi\u0105zanej z nimi oceny ryzyka wyst\u0105pienia skutk\u00f3w zdrowotnych.<\/p>\n<p><!--more--><\/p>\n<p>Wszystkie wydarzenia zwi\u0105zane z jubileuszem zosta\u0142y obj\u0119te Honorowym Patronatem Prezydenta Rzeczypospolitej Polskiej Andrzeja Dudy w roku 100-lecia Odzyskania Niepodleg\u0142o\u015bci 1918 \u2013 2018 i s\u0105 realizowane przy wsp\u00f3\u0142pracy: Programu \u201eNiepodleg\u0142a\u201d, Ministerstwa Zdrowia, Narodowego Funduszu Zdrowia i Pa\u0144stwowej Inspekcji Sanitarnej.<\/p>\n<p>Wi\u0119cej informacji o wydarzeniu znajd\u0105 Pa\u0144stwo <a href=\"http:\/\/100lat.pzh.gov.pl\/zywnosc-woda-i-powietrze-czy-zyjemy-w-bezpiecznym-otoczeniu-grudzien-2018\/\">TUTAJ<\/a>.<\/p>\n<p>Serdecznie zapraszamy!<\/p>\n","protected":false},"excerpt":{"rendered":"<p>Szanowni Pa\u0144stwo! Z okazji obchod\u00f3w 100-lecia istnienia Narodowego Instytutu Zdrowia Publicznego &#8211; PZH, w dniu 13 listopada 2018 r. w Narodowym Instytucie Zdrowia Publicznego organizowana jest konferencja\u00a0pt.:\u00a0\u201e\u017bywno\u015b\u0107, woda i powietrze \u2013 czy \u017cyjemy w bezpiecznym otoczeniu&#8221;, kt\u00f3ra jest trzeci\u0105, ostatni\u0105 z zaplanowanych konferencji u\u015bwietniaj\u0105cych ten jubileusz. Konferencja b\u0119dzie dotyczy\u0142a identyfikacji i oceny ryzyka skutk\u00f3w zdrowotnych [&hellip;]<\/p>\n","protected":false},"author":45,"featured_media":0,"comment_status":"closed","ping_status":"closed","sticky":false,"template":"","format":"standard","meta":{"_monsterinsights_skip_tracking":false,"_monsterinsights_sitenote_active":false,"_monsterinsights_sitenote_note":"","_monsterinsights_sitenote_category":0,"footnotes":""},"categories":[2,5],"tags":[],"class_list":["post-3397","post","type-post","status-publish","format-standard","hentry","category-uncategorised","category-wsse"],"_links":{"self":[{"href":"https:\/\/wsse.krakow.pl\/page\/wp-json\/wp\/v2\/posts\/3397","targetHints":{"allow":["GET"]}}],"collection":[{"href":"https:\/\/wsse.krakow.pl\/page\/wp-json\/wp\/v2\/posts"}],"about":[{"href":"https:\/\/wsse.krakow.pl\/page\/wp-json\/wp\/v2\/types\/post"}],"author":[{"embeddable":true,"href":"https:\/\/wsse.krakow.pl\/page\/wp-json\/wp\/v2\/users\/45"}],"replies":[{"embeddable":true,"href":"https:\/\/wsse.krakow.pl\/page\/wp-json\/wp\/v2\/comments?post=3397"}],"version-history":[{"count":6,"href":"https:\/\/wsse.krakow.pl\/page\/wp-json\/wp\/v2\/posts\/3397\/revisions"}],"predecessor-version":[{"id":3710,"href":"https:\/\/wsse.krakow.pl\/page\/wp-json\/wp\/v2\/posts\/3397\/revisions\/3710"}],"wp:attachment":[{"href":"https:\/\/wsse.krakow.pl\/page\/wp-json\/wp\/v2\/media?parent=3397"}],"wp:term":[{"taxonomy":"category","embeddable":true,"href":"https:\/\/wsse.krakow.pl\/page\/wp-json\/wp\/v2\/categories?post=3397"},{"taxonomy":"post_tag","embeddable":true,"href":"https:\/\/wsse.krakow.pl\/page\/wp-json\/wp\/v2\/tags?post=3397"}],"curies":[{"name":"wp","href":"https:\/\/api.w.org\/{rel}","templated":true}]}}