{"id":3414,"date":"2018-10-16T12:31:29","date_gmt":"2018-10-16T10:31:29","guid":{"rendered":"http:\/\/wsse.krakow.pl\/page\/?p=3414"},"modified":"2019-02-05T13:52:18","modified_gmt":"2019-02-05T12:52:18","slug":"podsumowanie-realizacji-x-edycji-programu-czyste-powietrze-wokol-nas-na-terenie-woj-malopolskiego","status":"publish","type":"post","link":"https:\/\/wsse.krakow.pl\/page\/podsumowanie-realizacji-x-edycji-programu-czyste-powietrze-wokol-nas-na-terenie-woj-malopolskiego\/","title":{"rendered":"Podsumowanie realizacji X edycji programu \u201eCzyste powietrze wok\u00f3\u0142 nas\u201d na terenie woj. ma\u0142opolskiego"},"content":{"rendered":"<p>W roku szkolnym 2017\/2018 na terenie wojew\u00f3dztwa ma\u0142opolskiego realizowana by\u0142a X edycja programu \u201eCzyste powietrze wok\u00f3\u0142 nas\u201d, skierowana do dzieci w wieku przedszkolnym, pi\u0119cio- i sze\u015bciolatk\u00f3w oraz ich rodzic\u00f3w i opiekun\u00f3w.<\/p>\n<p>G\u0142\u00f3wnymi celami programu by\u0142o zwi\u0119kszenie kompetencji rodzic\u00f3w w zakresie ochrony dzieci przed nara\u017ceniem na dym tytoniowy a tak\u017ce wykszta\u0142cenie w\u015br\u00f3d dzieci umiej\u0119tno\u015bci radzenia sobie w sytuacjach, w kt\u00f3rych s\u0105 one nara\u017cone na dzia\u0142anie dymu tytoniowego.<\/p>\n<p><!--more--><\/p>\n<p>W X edycji programu \u201eCzyste powietrze wok\u00f3\u0142 nas\u201d uczestniczy\u0142o 35087 dzieci z\u00a0828\u00a0plac\u00f3wek wychowania przedszkolnego i szk\u00f3\u0142 podstawowych z terenu wojew\u00f3dztwa ma\u0142opolskiego oraz\u00a017 687\u00a0rodzic\u00f3w i opiekun\u00f3w dzieci.<\/p>\n<p>Program realizowany by\u0142 w formie zaj\u0119\u0107 warsztatowych, dostosowanych do rozwoju poznawczego, aktywno\u015bci, do\u015bwiadcze\u0144 i potrzeb dzieci w wieku 5-6 lat. Autorzy programu opracowali scenariusz 5 zaj\u0119\u0107 (zaj\u0119cia wprowadzaj\u0105ce: wycieczka, co i dlaczego dymi? jak si\u0119 czuj\u0119 kiedy dymi papieros?, co si\u0119 dzieje kiedy ludzie pal\u0105?, jak unika\u0107 dymu tytoniowego?), kt\u00f3re w zale\u017cno\u015bci od potrzeb mog\u0142y by\u0107 rozwijane i modyfikowane przez nauczycieli prowadz\u0105cych.<\/p>\n<p>W przewa\u017caj\u0105cej wi\u0119kszo\u015bci plac\u00f3wek (91%), program zosta\u0142 zrealizowany w formie zaproponowanych 5 zaj\u0119\u0107 warsztatowych, a 78% plac\u00f3wek rozszerzy\u0142o program o dodatkowe dzia\u0142ania t.j.: przedstawienia, teatrzyki, wyst\u0119py, spotkania z go\u015b\u0107mi (lekarz, stra\u017cak, sportowiec), miejskie\/plenerowe wycieczki, prezentacje multimedialne, listy do rodzic\u00f3w\/listy intencyjne, gazetki, ekspozycje wizualne, ulotki, plakaty, k\u0105ciki informacyjne, inne prace plastyczno-informacyjne, quizy, zabawy dydaktyczne, konkursy muzyczne i plastyczne, spotkania z rodzicami, festyny rodzinne, marsze antytytoniowe, projekcje filmu, czytanie ksi\u0105\u017cek, zaj\u0119cia promuj\u0105ce zdrowy styl \u017cycia.<\/p>\n<p>Wszystkim zaanga\u017cowanym w\u00a0 realizacj\u0119 programu serdecznie dzi\u0119kujemy. Wyra\u017camy g\u0142\u0119bokie przekonanie, \u017ce nasze wsp\u00f3lne wysi\u0142ki zaowocuj\u0105 w przysz\u0142o\u015bci dobrym zdrowiem naszych dzieci, tworz\u0105c tym samym \u015brodowisko wolne od dymu tytoniowego.<\/p>\n<p>W roku szkolnym 2018\/2019 w woj. ma\u0142opolskim b\u0119dzie realizowana XI edycja programu przedszkolnej edukacji antytytoniowej \u201eCzyste powietrze wok\u00f3\u0142 nas\u201d. Wszystkie szko\u0142y zainteresowane udzia\u0142em w programie prosimy o kontakt z w\u0142a\u015bciw\u0105 Powiatow\u0105 Stacj\u0105 Sanitarno-Epidemiologiczn\u0105 \u00a0w woj. ma\u0142opolskim (Za\u0142. 1).<\/p>\n<!-- WP Attachments -->\r\n        <div style=\"width:100%;margin:10px 0 10px 0;\">\r\n            <h3>Pliki do pobrania:<\/h3>\r\n        <ul class=\"post-attachments\"><li class=\"post-attachment mime-application-pdf\"><a href=\"https:\/\/wsse.krakow.pl\/page\/podsumowanie-realizacji-x-edycji-programu-czyste-powietrze-wokol-nas-na-terenie-woj-malopolskiego\/?download=3424\">Za\u0142. 1. Wykaz PSSE z danymi teleadresowymi<\/a> <small>(449 kB)<\/small><\/li><\/ul><\/div>","protected":false},"excerpt":{"rendered":"<p>W roku szkolnym 2017\/2018 na terenie wojew\u00f3dztwa ma\u0142opolskiego realizowana by\u0142a X edycja programu \u201eCzyste powietrze wok\u00f3\u0142 nas\u201d, skierowana do dzieci w wieku przedszkolnym, pi\u0119cio- i sze\u015bciolatk\u00f3w oraz ich rodzic\u00f3w i opiekun\u00f3w. G\u0142\u00f3wnymi celami programu by\u0142o zwi\u0119kszenie kompetencji rodzic\u00f3w w zakresie ochrony dzieci przed nara\u017ceniem na dym tytoniowy a tak\u017ce wykszta\u0142cenie w\u015br\u00f3d dzieci umiej\u0119tno\u015bci radzenia sobie [&hellip;]<\/p>\n","protected":false},"author":45,"featured_media":0,"comment_status":"closed","ping_status":"closed","sticky":false,"template":"","format":"standard","meta":{"_monsterinsights_skip_tracking":false,"_monsterinsights_sitenote_active":false,"_monsterinsights_sitenote_note":"","_monsterinsights_sitenote_category":0,"footnotes":""},"categories":[41,5],"tags":[],"class_list":["post-3414","post","type-post","status-publish","format-standard","hentry","category-czyste-powietrze-wokol-nas","category-wsse"],"_links":{"self":[{"href":"https:\/\/wsse.krakow.pl\/page\/wp-json\/wp\/v2\/posts\/3414","targetHints":{"allow":["GET"]}}],"collection":[{"href":"https:\/\/wsse.krakow.pl\/page\/wp-json\/wp\/v2\/posts"}],"about":[{"href":"https:\/\/wsse.krakow.pl\/page\/wp-json\/wp\/v2\/types\/post"}],"author":[{"embeddable":true,"href":"https:\/\/wsse.krakow.pl\/page\/wp-json\/wp\/v2\/users\/45"}],"replies":[{"embeddable":true,"href":"https:\/\/wsse.krakow.pl\/page\/wp-json\/wp\/v2\/comments?post=3414"}],"version-history":[{"count":11,"href":"https:\/\/wsse.krakow.pl\/page\/wp-json\/wp\/v2\/posts\/3414\/revisions"}],"predecessor-version":[{"id":3709,"href":"https:\/\/wsse.krakow.pl\/page\/wp-json\/wp\/v2\/posts\/3414\/revisions\/3709"}],"wp:attachment":[{"href":"https:\/\/wsse.krakow.pl\/page\/wp-json\/wp\/v2\/media?parent=3414"}],"wp:term":[{"taxonomy":"category","embeddable":true,"href":"https:\/\/wsse.krakow.pl\/page\/wp-json\/wp\/v2\/categories?post=3414"},{"taxonomy":"post_tag","embeddable":true,"href":"https:\/\/wsse.krakow.pl\/page\/wp-json\/wp\/v2\/tags?post=3414"}],"curies":[{"name":"wp","href":"https:\/\/api.w.org\/{rel}","templated":true}]}}