{"id":3449,"date":"2018-11-07T11:22:25","date_gmt":"2018-11-07T10:22:25","guid":{"rendered":"http:\/\/wsse.krakow.pl\/page\/?p=3449"},"modified":"2018-11-07T11:22:25","modified_gmt":"2018-11-07T10:22:25","slug":"swiatowy-dzien-rzucania-palenia-15-listopada-2018-roku","status":"publish","type":"post","link":"https:\/\/wsse.krakow.pl\/page\/swiatowy-dzien-rzucania-palenia-15-listopada-2018-roku\/","title":{"rendered":"\u015awiatowy Dzie\u0144 Rzucania Palenia &#8211; 15 listopada 2018 roku"},"content":{"rendered":"<p><strong><img loading=\"lazy\" decoding=\"async\" class=\"size-medium wp-image-3450 alignleft\" src=\"http:\/\/wsse.krakow.pl\/page\/wp-content\/uploads\/2018\/11\/sign-2957179_1280-300x150.png\" alt=\"\" width=\"300\" height=\"150\" \/>Apel Fundacji \u201ePromocja Zdrowia\u201d z okazji \u015awiatowego Dnia Rzucania Palenia<\/strong><\/p>\n<p>W ostatnich dziesi\u0119cioleciach osi\u0105gn\u0119li\u015bmy w Polsce niezwyk\u0142y post\u0119p w walce z\u00a0chorobami odtytoniowymi. Na pocz\u0105tku lat 90. spo\u017cycie tytoniu w Polsce nale\u017ca\u0142o do najwy\u017cszych na \u015bwiecie. Rocznie sprzedawano ponad 100 mld papieros\u00f3w. Od tego czasu poziom palenia spad\u0142 o ponad po\u0142ow\u0119, a w 2017 konsumpcja papieros\u00f3w wynios\u0142a oko\u0142o 40 mld sztuk. Od kiedy Polacy zacz\u0119li masowo rzuca\u0107 palenie, gwa\u0142townie spada\u0107 zacz\u0119\u0142y r\u00f3wnie\u017c zachorowania i umieralno\u015b\u0107 na choroby przyczynowo zwi\u0105zane z papierosami, mi\u0119dzy innymi raka p\u0142uca, zawa\u0142y serca, czy POChP (przewlek\u0142a obturacyjna choroba p\u0142uc). U m\u0119\u017cczyzn w wieku 20-64 lata wsp\u00f3\u0142czynnik umieralno\u015bci z powodu raka p\u0142uca spad\u0142 w latach 1990-2017 o ponad po\u0142ow\u0119.<\/p>\n<p>Ci\u0105gle jeste\u015bmy jednak na pocz\u0105tku drogi do zdrowia. Papierosy nadal pali oko\u0142o 8 mln Polek i Polak\u00f3w.<\/p>\n<p>Jedn\u0105 z najwa\u017cniejszych inicjatyw prowadz\u0105cych do zerwania z tytoniem jest akcja <strong>\u201eRzu\u0107 palenie razem z nami\u201d<\/strong>, stworzona w oparciu o odbywaj\u0105cy si\u0119 w Stanach Zjednoczonych od pocz\u0105tku lat 70. \u201eGreat American Smokeout\u201d. W Polsce akcja ta jest prowadzona od pocz\u0105tku lat 90. przez Fundacj\u0119 \u201ePromocja Zdrowia\u201d. Historycznie jest jedn\u0105 z najskuteczniejszych inicjatyw zdrowotnych w naszym kraju. W niekt\u00f3rych latach nawet do p\u00f3\u0142 miliona by\u0142ych palaczy deklarowa\u0142o, \u017ce zerwa\u0142o z na\u0142ogiem w\u0142a\u015bnie dzi\u0119ki akcji \u201eRzu\u0107 palenie razem z nami\u201d. W jej wyniku miliony ekspalaczy w Polsce zyska\u0142o \u015brednio o 10 lat \u017cycia.<\/p>\n<p>Od samego pocz\u0105tku specjaln\u0105 grup\u0105, do kt\u00f3rych skierowana jest nasza akcja, s\u0105 rodziny spodziewaj\u0105ce si\u0119 dziecka. Z jednej strony post\u0119p w walce z paleniem w\u015br\u00f3d kobiet w ci\u0105\u017cy w Polsce jest niezwyk\u0142y. Polska sta\u0142a si\u0119 krajem o jednej z najni\u017cszych cz\u0119sto\u015bci palenia kobiet w ci\u0105\u017cy. Badania przeprowadzone w 1990 roku, obejmuj\u0105ce wszystkie kobiety rodz\u0105ce w 3 wojew\u00f3dztwach: olszty\u0144skim, bia\u0142ostockim i pozna\u0144skim, pokaza\u0142y, \u017ce prawie 30% kobiet pali\u0142o w okresie ci\u0105\u017cy. W 2017 roku, 27 lat p\u00f3\u017aniej, w badaniu przeprowadzonym na og\u00f3lnopolskiej pr\u00f3bie, w ci\u0105\u017cy pali\u0142o ju\u017c tylko ok. 6% kobiet. Z drugiej strony, 6% kobiet pal\u0105cych w okresie ci\u0105\u017cy to nadal oko\u0142o 25 tysi\u0119cy noworodk\u00f3w bezpo\u015brednio eksponowanych na dym tytoniowy ju\u017c w \u0142onie matki. Badania naukowe wykaza\u0142y, \u017ce ponad 50% czynnik\u00f3w rakotw\u00f3rczych znajduj\u0105cych si\u0119 w dymie papierosowym przenika przez \u0142o\u017cysko i dostaje si\u0119 do organizmu dziecka. Wykazano je mi\u0119dzy innymi w pierwszej porcji moczu, kt\u00f3r\u0105 oddaje dziecko po urodzeniu. Dzieci te rodz\u0105 si\u0119 zawsze mniejsze, gorzej przygotowane do \u017cycia, obci\u0105\u017cone ryzykiem wielu schorze\u0144 wynikaj\u0105cych z palenia, takich jak nowotwory czy astma. Gdy kto\u015b z rodziny pali papierosy w domu, stanowi to dodatkow\u0105 ekspozycj\u0119 na dym poprzez wymuszone bierne palenie matki.<\/p>\n<p>Fundacja \u201ePromocja Zdrowia\u201d proponuje, aby w tegoroczny <strong>\u201e\u015awiatowy Dzie\u0144 Rzucania Palenia\u201d w Polsce,<\/strong> kt\u00f3ry przypada w czwartek<strong> 15 listopada,<\/strong> to w\u0142a\u015bnie rodziny spodziewaj\u0105ce si\u0119 dziecka uczyni\u0107 g\u0142\u00f3wnym tematem akcji. Dzieci powinny by\u0107 bezwzgl\u0119dnie chronione przed dymem papierosowym. Apelujemy do wszystkich Polak\u00f3w, organizacji i instytucji, r\u00f3wnie\u017c do Pa\u0144stwa, o poparcie akcji i zaoferowanie wsparcia w rzucaniu palenia rodzinom, kt\u00f3re oczekuj\u0105 dziecka.<\/p>\n<p>Z powa\u017caniem,<\/p>\n<p>prof. dr hab. n. med. Witold Zato\u0144ski<\/p>\n","protected":false},"excerpt":{"rendered":"<p>Apel Fundacji \u201ePromocja Zdrowia\u201d z okazji \u015awiatowego Dnia Rzucania Palenia W ostatnich dziesi\u0119cioleciach osi\u0105gn\u0119li\u015bmy w Polsce niezwyk\u0142y post\u0119p w walce z\u00a0chorobami odtytoniowymi. Na pocz\u0105tku lat 90. spo\u017cycie tytoniu w Polsce nale\u017ca\u0142o do najwy\u017cszych na \u015bwiecie. Rocznie sprzedawano ponad 100 mld papieros\u00f3w. Od tego czasu poziom palenia spad\u0142 o ponad po\u0142ow\u0119, a w 2017 konsumpcja papieros\u00f3w [&hellip;]<\/p>\n","protected":false},"author":44,"featured_media":0,"comment_status":"closed","ping_status":"closed","sticky":false,"template":"","format":"standard","meta":{"_monsterinsights_skip_tracking":false,"_monsterinsights_sitenote_active":false,"_monsterinsights_sitenote_note":"","_monsterinsights_sitenote_category":0,"footnotes":""},"categories":[49,5],"tags":[],"class_list":["post-3449","post","type-post","status-publish","format-standard","hentry","category-kampanie-spoleczne","category-wsse"],"_links":{"self":[{"href":"https:\/\/wsse.krakow.pl\/page\/wp-json\/wp\/v2\/posts\/3449","targetHints":{"allow":["GET"]}}],"collection":[{"href":"https:\/\/wsse.krakow.pl\/page\/wp-json\/wp\/v2\/posts"}],"about":[{"href":"https:\/\/wsse.krakow.pl\/page\/wp-json\/wp\/v2\/types\/post"}],"author":[{"embeddable":true,"href":"https:\/\/wsse.krakow.pl\/page\/wp-json\/wp\/v2\/users\/44"}],"replies":[{"embeddable":true,"href":"https:\/\/wsse.krakow.pl\/page\/wp-json\/wp\/v2\/comments?post=3449"}],"version-history":[{"count":2,"href":"https:\/\/wsse.krakow.pl\/page\/wp-json\/wp\/v2\/posts\/3449\/revisions"}],"predecessor-version":[{"id":3452,"href":"https:\/\/wsse.krakow.pl\/page\/wp-json\/wp\/v2\/posts\/3449\/revisions\/3452"}],"wp:attachment":[{"href":"https:\/\/wsse.krakow.pl\/page\/wp-json\/wp\/v2\/media?parent=3449"}],"wp:term":[{"taxonomy":"category","embeddable":true,"href":"https:\/\/wsse.krakow.pl\/page\/wp-json\/wp\/v2\/categories?post=3449"},{"taxonomy":"post_tag","embeddable":true,"href":"https:\/\/wsse.krakow.pl\/page\/wp-json\/wp\/v2\/tags?post=3449"}],"curies":[{"name":"wp","href":"https:\/\/api.w.org\/{rel}","templated":true}]}}