{"id":3464,"date":"2018-11-15T07:50:16","date_gmt":"2018-11-15T06:50:16","guid":{"rendered":"http:\/\/wsse.krakow.pl\/page\/?p=3464"},"modified":"2019-02-04T07:42:05","modified_gmt":"2019-02-04T06:42:05","slug":"europejski-dzien-wiedzy-o-antybiotykach-18-listopada","status":"publish","type":"post","link":"https:\/\/wsse.krakow.pl\/page\/europejski-dzien-wiedzy-o-antybiotykach-18-listopada\/","title":{"rendered":"Europejski Dzie\u0144 Wiedzy o Antybiotykach &#8211; 18 listopada"},"content":{"rendered":"<p>W tym roku ju\u017c po raz jedenasty w dniu 18 listopada w ca\u0142ej Europie obchodzony b\u0119dzie Europejski Dzie\u0144 Wiedzy o Antybiotykach (EDWA). Zosta\u0142 on ustanowiony w 2008 roku przez Komisj\u0119 Europejsk\u0105.<\/p>\n<p>Celem Dnia jest promowanie wiedzy na temat odpowiedzialnego stosowania antybiotyk\u00f3w oraz zwi\u0119kszenie \u015bwiadomo\u015bci, jakim zagro\u017ceniem dla zdrowia ka\u017cdego z nas jest zjawisko antybiotykooporno\u015bci. Narastanie tego zjawiska to w du\u017cej mierze skutek niew\u0142a\u015bciwego stosowania i nadu\u017cywania antybiotyk\u00f3w.<\/p>\n<p><!--more--><\/p>\n<p>&#8211; Antybiotyki dzia\u0142aj\u0105 tylko na bakterie.<br \/>\n&#8211; Antybiotyki nie lecz\u0105 chor\u00f3b wirusowych: grypy, przezi\u0119bienia, ostrych zapale\u0144 gard\u0142a i oskrzeli.<br \/>\n&#8211; Przyjmuj tylko antybiotyki przepisane przez lekarza \u2013 zaufaj jego wiedzy<br \/>\n&#8211; Utrzymanie skuteczno\u015bci antybiotyk\u00f3w w przysz\u0142o\u015bci zale\u017cy od dzia\u0142a\u0144 ka\u017cdego z nas.<\/p>\n<p>W Polsce organizacj\u0105 <em>Europejskiego Dnia Wiedzy o Antybiotykach<\/em> i propagowaniem jego cel\u00f3w zajmuje si\u0119 Narodowy Instytut Lek\u00f3w, w ramach programu zdrowotnego Ministerstwa Zdrowia pn.\u201eNarodowy Program Ochrony Antybiotyk\u00f3w na lata 2016-2020\u201d. Szczeg\u00f3\u0142owe informacje o tegorocznych obchodach <em>Europejskiego Dnia Wiedzy o Antybiotykach<\/em> w Polsce, znajduj\u0105 si\u0119 na stronie internetowej \u201eNarodowego Programu Ochrony Antybiotyk\u00f3w\u201d <a href=\"http:\/\/www.antybiotyki.edu.pl\/\">www.antybiotyki.edu.pl<\/a>.<\/p>\n<!-- WP Attachments -->\r\n        <div style=\"width:100%;margin:10px 0 10px 0;\">\r\n            <h3>Pliki do pobrania:<\/h3>\r\n        <ul class=\"post-attachments\"><li class=\"post-attachment mime-application-pdf\"><a href=\"https:\/\/wsse.krakow.pl\/page\/europejski-dzien-wiedzy-o-antybiotykach-18-listopada\/?download=3465\">Plakat EDWA lekarze<\/a> <small>(480 kB)<\/small><\/li><li class=\"post-attachment mime-application-pdf\"><a href=\"https:\/\/wsse.krakow.pl\/page\/europejski-dzien-wiedzy-o-antybiotykach-18-listopada\/?download=3466\">Ulotka EDWA lekarze<\/a> <small>(398 kB)<\/small><\/li><li class=\"post-attachment mime-application-pdf\"><a href=\"https:\/\/wsse.krakow.pl\/page\/europejski-dzien-wiedzy-o-antybiotykach-18-listopada\/?download=3467\">Ulotka EDWA<\/a> <small>(899 kB)<\/small><\/li><li class=\"post-attachment mime-image-jpeg\"><a href=\"https:\/\/wsse.krakow.pl\/page\/europejski-dzien-wiedzy-o-antybiotykach-18-listopada\/?download=3468\">Logo EDWA<\/a> <small>(83 kB)<\/small><\/li><\/ul><\/div>","protected":false},"excerpt":{"rendered":"<p>W tym roku ju\u017c po raz jedenasty w dniu 18 listopada w ca\u0142ej Europie obchodzony b\u0119dzie Europejski Dzie\u0144 Wiedzy o Antybiotykach (EDWA). Zosta\u0142 on ustanowiony w 2008 roku przez Komisj\u0119 Europejsk\u0105. Celem Dnia jest promowanie wiedzy na temat odpowiedzialnego stosowania antybiotyk\u00f3w oraz zwi\u0119kszenie \u015bwiadomo\u015bci, jakim zagro\u017ceniem dla zdrowia ka\u017cdego z nas jest zjawisko antybiotykooporno\u015bci. Narastanie [&hellip;]<\/p>\n","protected":false},"author":45,"featured_media":3468,"comment_status":"closed","ping_status":"closed","sticky":false,"template":"","format":"standard","meta":{"_monsterinsights_skip_tracking":false,"_monsterinsights_sitenote_active":false,"_monsterinsights_sitenote_note":"","_monsterinsights_sitenote_category":0,"footnotes":""},"categories":[1,5],"tags":[187,188],"class_list":["post-3464","post","type-post","status-publish","format-standard","has-post-thumbnail","hentry","category-bez-kategorii","category-wsse","tag-edwa","tag-europejski-dzien-wiedzy-o-antybiotykach"],"_links":{"self":[{"href":"https:\/\/wsse.krakow.pl\/page\/wp-json\/wp\/v2\/posts\/3464","targetHints":{"allow":["GET"]}}],"collection":[{"href":"https:\/\/wsse.krakow.pl\/page\/wp-json\/wp\/v2\/posts"}],"about":[{"href":"https:\/\/wsse.krakow.pl\/page\/wp-json\/wp\/v2\/types\/post"}],"author":[{"embeddable":true,"href":"https:\/\/wsse.krakow.pl\/page\/wp-json\/wp\/v2\/users\/45"}],"replies":[{"embeddable":true,"href":"https:\/\/wsse.krakow.pl\/page\/wp-json\/wp\/v2\/comments?post=3464"}],"version-history":[{"count":7,"href":"https:\/\/wsse.krakow.pl\/page\/wp-json\/wp\/v2\/posts\/3464\/revisions"}],"predecessor-version":[{"id":3647,"href":"https:\/\/wsse.krakow.pl\/page\/wp-json\/wp\/v2\/posts\/3464\/revisions\/3647"}],"wp:featuredmedia":[{"embeddable":true,"href":"https:\/\/wsse.krakow.pl\/page\/wp-json\/wp\/v2\/media\/3468"}],"wp:attachment":[{"href":"https:\/\/wsse.krakow.pl\/page\/wp-json\/wp\/v2\/media?parent=3464"}],"wp:term":[{"taxonomy":"category","embeddable":true,"href":"https:\/\/wsse.krakow.pl\/page\/wp-json\/wp\/v2\/categories?post=3464"},{"taxonomy":"post_tag","embeddable":true,"href":"https:\/\/wsse.krakow.pl\/page\/wp-json\/wp\/v2\/tags?post=3464"}],"curies":[{"name":"wp","href":"https:\/\/api.w.org\/{rel}","templated":true}]}}