{"id":3479,"date":"2018-11-23T10:32:15","date_gmt":"2018-11-23T09:32:15","guid":{"rendered":"http:\/\/wsse.krakow.pl\/page\/?p=3479"},"modified":"2019-02-05T13:43:45","modified_gmt":"2019-02-05T12:43:45","slug":"kampania-mam-czas-rozmawiac-2","status":"publish","type":"post","link":"https:\/\/wsse.krakow.pl\/page\/kampania-mam-czas-rozmawiac-2\/","title":{"rendered":"Kampania \u201eMam czas rozmawia\u0107\u201d"},"content":{"rendered":"<h6><strong> MAM CZAS ROZMAWIA\u0106 O TE\u015aCIE NA HIV<\/strong><\/h6>\n<p><strong><em>W pi\u0105tek, 23 listopada 2018 r., rusza Europejski Tydzie\u0144 Testowania na\u00a0HIV, a\u00a0wraz z nim kolejna ods\u0142ona kampanii\u00a0edukacyjnej Krajowego Centrum ds.\u00a0AIDS \u201eMam czas rozmawia\u0107 (#mamczasrozmawiac)\u201d,\u00a0\u00a0promuj\u0105ca dialog o tym dlaczego, kiedy i\u00a0po co powinni\u015bmy wykona\u0107 test.<\/em><\/strong><\/p>\n<p><strong>Warszawa, 20 listopada 2018 r.<\/strong> \u2013 Europejski Tydzie\u0144 Testowania w kierunku HIV, rozpoczynaj\u0105cy si\u0119 w najbli\u017cszy pi\u0105tek 23 listopada i 1\u00a0grudnia &#8211; \u015awiatowy Dzie\u0144 AIDS, s\u0105 doskona\u0142\u0105 okazj\u0105, \u017ceby wykona\u0107 test w\u00a0kierunku HIV. Badanie mo\u017cna zrobi\u0107 anonimowo, bezp\u0142atnie i bez skierowania w\u00a0jednym z 30\u00a0punkt\u00f3w konsultacyjno-diagnostycznych (PKD) w ca\u0142ej Polsce, kt\u00f3re w tych dniach b\u0119d\u0105 pracowa\u0142y cz\u0119\u015bciej oraz d\u0142u\u017cej.<\/p>\n<p><!--more--><\/p>\n<p>Startuj\u0105ca tego samego dnia kampania Krajowego\u00a0Centrum\u00a0ds. AIDS \u201eMam czas rozmawia\u0107 (#mamczasrozmawiac), inspiruje do rozmowy z\u00a0bliskimi o HIV i\u00a0zach\u0119ca do wykonania testu. Obok aktorki Marii Seweryn, blogerki lek.\u00a0Katarzyny\u00a0Wo\u017aniak, autorki bloga \u201eMama i\u00a0stetoskop\u201d, czy\u00a0vlogerki Karoliny Soba\u0144skiej, w dzia\u0142ania informacyjno\u2013promocyjne zaanga\u017cowali si\u0119 eksperci: seksuolog i pedagog Profesor Zbigniew Izdebski oraz psycholog Ma\u0142gorzata Ohme.<\/p>\n<p>\u201eTest powinien zrobi\u0107 ka\u017cdy, tylko nie ja\u201d \u2013 taka postawa Polak\u00f3w wobec testu w\u00a0kierunku HIV wy\u0142ania si\u0119 niestety z\u00a0wieloletnich bada\u0144 Krajowego Centrum ds.\u00a0AIDS. Wskutek takiego my\u015blenia w Polsce codziennie oko\u0142o 3 osoby zaka\u017caj\u0105 si\u0119 HIV. Od 1985 r. rozpoznano ju\u017c blisko 23 tys. zaka\u017ce\u0144, a tylko co druga zaka\u017cona osoba wie, \u017ce \u017cyje z wirusem. Cho\u0107 wci\u0105\u017c za ma\u0142o os\u00f3b decyduje si\u0119 na zrobienie badania, to jednak prawd\u0105 jest te\u017c, \u017ce z roku na rok liczba wykonanych test\u00f3w jest coraz wi\u0119ksza.<\/p>\n<p>\u201eNale\u017cy szuka\u0107 pretekst\u00f3w do rozmowy. Przyk\u0142adowo, Polacy cz\u0119sto ogl\u0105daj\u0105 seriale telewizyjne, w kt\u00f3rych m.in. podejmowana jest tematyka seksualno\u015bci, zdrady, u\u017cywania narkotyk\u00f3w, przemocy, zawod\u00f3w mi\u0142osnych, ci\u0105\u017cy itp. To wszystko s\u0105\u00a0wed\u0142ug mnie preteksty dla rodzic\u00f3w czy\u00a0dziadk\u00f3w do tego, aby ten temat w domu wywo\u0142a\u0107 i zach\u0119ci\u0107 do wyra\u017cenia pogl\u0105du przez innych domownik\u00f3w. Chodzi o\u00a0to,\u00a0\u017ceby nie pyta\u0107 wprost, czy dziecko do\u015bwiadcza takich sytuacji, ale\u00a0czy\u00a0to,\u00a0co\u00a0pokazywane jest w serialu, b\u0105d\u017a w\u00a0reporta\u017cu te\u017c go dotyczy. Co ono o\u00a0tym s\u0105dzi\u201d \u2013 powiedzia\u0142 Profesor\u00a0Zbigniew\u00a0Izdebski, seksuolog, Kierownik Zak\u0142adu Poradnictwa i\u00a0Seksuologii Uniwersytetu Zielonog\u00f3rskiego.<\/p>\n<p>Kampania edukacyjna \u201eMam czas rozmawia\u0107\u201d pokazuje, \u017ce rozmowa na temat HIV i\u00a0testowania jest normalnym i naturalnym sposobem dbania o zdrowie swoje i swoich bliskich oraz elementem edukacji zdrowotnej w rodzinie. Spoty telewizyjne z\u00a0Mari\u0105 Seweryn, a przede wszystkim eksperci i blogerzy, kt\u00f3rzy do takich rozm\u00f3w oraz testowania zach\u0119caj\u0105, instruuj\u0105 jak podj\u0105\u0107 ten trudny dialog. Najwa\u017cniejsze informacje o HIV oraz przyk\u0142adowe \u201eMinirozm\u00f3wki rodzinne\u201d s\u0105 dost\u0119pne na stronie internetowej kampanii tj. <a href=\"https:\/\/mamczasrozmawiac.aids.gov.pl\">https:\/\/mamczasrozmawiac.aids.gov.pl<\/a><\/p>\n<p>\u201eBardzo cz\u0119sto \u017cyczymy sobie zdrowia, ale za tym powinny i\u015b\u0107\u00a0tak\u017ce czyny. Na\u00a0przyk\u0142ad rozmowa o bezpieczniejszych zachowaniach seksualnych lub wykonaniu testu w kierunku HIV. Problem nadal istnieje, bo milczenie o HIV i\u00a0innych zaka\u017ceniach przenoszonych drog\u0105 p\u0142ciow\u0105 (STI), nie pozwala nam traktowa\u0107 bezpieczniejszych zachowa\u0144 seksualnych jako elementu osobistej odpowiedzialno\u015bci, a bada\u0144 w\u00a0kierunku HIV i innych STI jako normalnej diagnostyki\u201d &#8211; powiedzia\u0142a Ma\u0142gorzata Ohme, psycholog, pisarka i\u00a0dziennikarka, wyk\u0142adowca Szko\u0142y Wy\u017cszej Psychologii Spo\u0142ecznej w Warszawie oraz redaktor naczelna serwisu internetowego Onet\u00a0Kobieta.<\/p>\n<p>Od\u00a0wdro\u017cenia bada\u0144 w 1985 r. do 30 czerwca 2018 r. stwierdzono w Polsce 23.233 zaka\u017cenia HIV, odnotowano 3.619 zachorowa\u0144 na AIDS, a 1.398 chorych zmar\u0142o \u2013 wynika ze statystyk Narodowego Instytutu Zdrowia Publicznego \u2013 Pa\u0144stwowego Zak\u0142adu Higieny. W 2017 r. rozpoznano 1.193 nowe przypadki zaka\u017cenia. Do\u00a0zdecydowanej wi\u0119kszo\u015bci z nich dochodzi w Polsce drog\u0105 kontakt\u00f3w seksualnych.<\/p>\n<p>\u201eStrach i wypieranie faktu, \u017ce ten problem mo\u017ce nas dotyczy\u0107, to wci\u0105\u017c cz\u0119sta reakcja wielu os\u00f3b, kiedy przychodzi do rozmowy o zapobieganiu zaka\u017ceniu HIV lub\u00a0wykonaniu testu. Lepiej z tym l\u0119kiem radz\u0105 sobie osoby, kt\u00f3re wiedz\u0105, \u017ce\u00a0zaka\u017cenie nie jest ju\u017c wyzwaniem dla medycyny i \u017ce mo\u017cna z nim \u017cy\u0107 wiele lat, a\u00a0po osi\u0105gni\u0119ciu niewykrywalnej wiremii, sta\u0107 si\u0119 ca\u0142kowicie niezaka\u017anym dla innych os\u00f3b. Szerzenie tej w\u0142a\u015bnie wiedzy to jeden z cel\u00f3w kampanii #mamczasrozmawiac\u201d &#8211; podsumowa\u0142a Anna Marzec-Bogus\u0142awska, dyrektor Krajowego Centrum ds. AIDS.<\/p>\n<p>Warto pami\u0119ta\u0107, \u017ce <strong>test w kierunku HIV mo\u017cna wykona\u0107 bezp\u0142atnie, anonimowo i\u00a0bez\u00a0skierowania w\u00a030 punktach w\u00a0ca\u0142ej Polsce przez ca\u0142y rok,<\/strong> a nie tylko w czasie Tygodnia Testowania. Pracuj\u0105 w nich wysoko wykwalifikowani doradcy nios\u0105cy profesjonaln\u0105 pomoc. Ka\u017cdy z odwiedzaj\u0105cych Punkt ma mo\u017cliwo\u015b\u0107\u00a0poufnej rozmowy zar\u00f3wno przed, jak i\u00a0po wykonaniu testu. Adresy i\u00a0godziny otwarcia punkt\u00f3w konsultacyjno-diagnostycznych s\u0105 dost\u0119pne na stronie: <a href=\"http:\/\/www.aids.gov.pl\/pkd\">aids.gov.pl\/pkd<\/a><\/p>\n<!-- WP Attachments -->\r\n        <div style=\"width:100%;margin:10px 0 10px 0;\">\r\n            <h3>Pliki do pobrania:<\/h3>\r\n        <ul class=\"post-attachments\"><li class=\"post-attachment mime-application-pdf\"><a href=\"https:\/\/wsse.krakow.pl\/page\/kampania-mam-czas-rozmawiac-2\/?download=3482\">Plakat<\/a> <small>(928 kB)<\/small><\/li><li class=\"post-attachment mime-audio-mpeg\"><a href=\"https:\/\/wsse.krakow.pl\/page\/kampania-mam-czas-rozmawiac-2\/?download=3483\">Spot radiowy<\/a> <small>(939 kB)<\/small><\/li><li class=\"post-attachment mime-video-mp4\"><a href=\"https:\/\/wsse.krakow.pl\/page\/kampania-mam-czas-rozmawiac-2\/?download=3484\">Spot telewizyjny<\/a> <small>(90 MB)<\/small><\/li><li class=\"post-attachment mime-image-jpeg\"><a href=\"https:\/\/wsse.krakow.pl\/page\/kampania-mam-czas-rozmawiac-2\/?download=3495\">1grudnia<\/a> <small>(56 kB)<\/small><\/li><\/ul><\/div>","protected":false},"excerpt":{"rendered":"<p>MAM CZAS ROZMAWIA\u0106 O TE\u015aCIE NA HIV W pi\u0105tek, 23 listopada 2018 r., rusza Europejski Tydzie\u0144 Testowania na\u00a0HIV, a\u00a0wraz z nim kolejna ods\u0142ona kampanii\u00a0edukacyjnej Krajowego Centrum ds.\u00a0AIDS \u201eMam czas rozmawia\u0107 (#mamczasrozmawiac)\u201d,\u00a0\u00a0promuj\u0105ca dialog o tym dlaczego, kiedy i\u00a0po co powinni\u015bmy wykona\u0107 test. Warszawa, 20 listopada 2018 r. \u2013 Europejski Tydzie\u0144 Testowania w kierunku HIV, rozpoczynaj\u0105cy si\u0119 [&hellip;]<\/p>\n","protected":false},"author":45,"featured_media":0,"comment_status":"closed","ping_status":"closed","sticky":false,"template":"","format":"standard","meta":{"_monsterinsights_skip_tracking":false,"_monsterinsights_sitenote_active":false,"_monsterinsights_sitenote_note":"","_monsterinsights_sitenote_category":0,"footnotes":""},"categories":[47,5],"tags":[189,190],"class_list":["post-3479","post","type-post","status-publish","format-standard","hentry","category-krajowy-program-zapobiegania-zakazeniom-hiv-i-zwalczania-aids","category-wsse","tag-mamczasrozmawiac","tag-krajowy-program-zapobiegania-zakazeniom-hiv-i-zwalczania-aids"],"_links":{"self":[{"href":"https:\/\/wsse.krakow.pl\/page\/wp-json\/wp\/v2\/posts\/3479","targetHints":{"allow":["GET"]}}],"collection":[{"href":"https:\/\/wsse.krakow.pl\/page\/wp-json\/wp\/v2\/posts"}],"about":[{"href":"https:\/\/wsse.krakow.pl\/page\/wp-json\/wp\/v2\/types\/post"}],"author":[{"embeddable":true,"href":"https:\/\/wsse.krakow.pl\/page\/wp-json\/wp\/v2\/users\/45"}],"replies":[{"embeddable":true,"href":"https:\/\/wsse.krakow.pl\/page\/wp-json\/wp\/v2\/comments?post=3479"}],"version-history":[{"count":12,"href":"https:\/\/wsse.krakow.pl\/page\/wp-json\/wp\/v2\/posts\/3479\/revisions"}],"predecessor-version":[{"id":3702,"href":"https:\/\/wsse.krakow.pl\/page\/wp-json\/wp\/v2\/posts\/3479\/revisions\/3702"}],"wp:attachment":[{"href":"https:\/\/wsse.krakow.pl\/page\/wp-json\/wp\/v2\/media?parent=3479"}],"wp:term":[{"taxonomy":"category","embeddable":true,"href":"https:\/\/wsse.krakow.pl\/page\/wp-json\/wp\/v2\/categories?post=3479"},{"taxonomy":"post_tag","embeddable":true,"href":"https:\/\/wsse.krakow.pl\/page\/wp-json\/wp\/v2\/tags?post=3479"}],"curies":[{"name":"wp","href":"https:\/\/api.w.org\/{rel}","templated":true}]}}