{"id":3500,"date":"2018-12-10T09:21:55","date_gmt":"2018-12-10T08:21:55","guid":{"rendered":"http:\/\/wsse.krakow.pl\/page\/?p=3500"},"modified":"2019-02-04T07:43:23","modified_gmt":"2019-02-04T06:43:23","slug":"podsumowanie-szkolen-dla-realizatorow-programu-wybierz-zycie-pierwszy-krok-5-i-6-grudnia","status":"publish","type":"post","link":"https:\/\/wsse.krakow.pl\/page\/podsumowanie-szkolen-dla-realizatorow-programu-wybierz-zycie-pierwszy-krok-5-i-6-grudnia\/","title":{"rendered":"Podsumowanie szkole\u0144 dla realizator\u00f3w programu &#8222;Wybierz \u017bycie-Pierwszy Krok&#8221; &#8211; 5 i 6 grudnia."},"content":{"rendered":"<p>5 i 6 grudnia 2018 r. w Centrum Konferencyjno-Szkoleniowym Krakowskiego Szpitala Specjalistycznego im. Jana Paw\u0142a II w Krakowie i Starostwie Powiatowym w Nowym S\u0105czu odby\u0142y si\u0119 szkolenia inauguruj\u0105ce realizacj\u0119 programu \u201eWybierz \u017bycie-Pierwszy Krok\u201d\u00a0 na terenie wojew\u00f3dztwa ma\u0142opolskiego.<\/p>\n<p>Uczestnikami szkole\u0144 byli wojew\u00f3dzcy, powiatowi i szkolni koordynatorzy programu, kt\u00f3rzy b\u0119d\u0105 odpowiedzialni za koordynacj\u0119 i realizacj\u0119 programu w szko\u0142ach podstawowych i ponadpodstawowych w woj. ma\u0142opolskim.<\/p>\n<p><!--more--><\/p>\n<p>Podczas szkolenia uczestnicy wys\u0142uchali wyk\u0142ad\u00f3w poruszaj\u0105cych problematyk\u0119 zdrowia kobiet oraz medycznych aspekt\u00f3w zaka\u017cenia wirusem HPV. W trakcie zasadniczej cz\u0119\u015bci szkolenia koordynatorzy uzyskali wiedz\u0119 na temat metodyki realizacji programu a tak\u017ce mo\u017cliwo\u015bci dodatkowych dzia\u0142a\u0144 jakie mo\u017cna podejmowa\u0107 w ramach realizacji programu na przyk\u0142adzie tzw. dobrych praktyk.<\/p>\n<p>Uroczystego otwarcia szkole\u0144 dokona\u0142 Ma\u0142opolski Pa\u0144stwowy Wojew\u00f3dzki Inspektor Sanitarny \u2013 Jaros\u0142aw Foremny oraz Powiatowy Pa\u0144stwowy Inspektor Sanitarny w Nowym S\u0105czu \u2013 Mateusz W\u00f3jcik. W roli prelegent\u00f3w wyst\u0105pi\u0142y: p. Ma\u0142gorzata Stelmach \u2013 Prezes Fundacji MSD dla Zdrowia Kobiet (inicjator programu \u201eWybierz \u017bycie-Pierwszy Krok\u201d), p. Jagoda Jaworska \u2013 ginekolog\/po\u0142o\u017cnik, p. Jaros\u0142aw Kosobucki \u2013 ginekolog\/onkolog, p. Beata Tobijasiewicz \u2013 przedstawicielka z Powiatowego Zesp\u00f3\u0142 nr 11 Szk\u00f3\u0142 Og\u00f3lnokszta\u0142c\u0105cych im. St. Wyspia\u0144skiego w K\u0119tach oraz p. Zofia Ryszka \u2013 przedstawicielka z Powiatowego Zesp\u00f3\u0142 Nr 4 Szk\u00f3\u0142 Ekonomiczno-Gastronomicznych im. Komisji Edukacji Narodowej w O\u015bwi\u0119cimiu.<\/p>\n<p>Szkolenie spotka\u0142o si\u0119 z ogromnym zainteresowaniem uczestnik\u00f3w.<\/p>\n","protected":false},"excerpt":{"rendered":"<p>5 i 6 grudnia 2018 r. w Centrum Konferencyjno-Szkoleniowym Krakowskiego Szpitala Specjalistycznego im. Jana Paw\u0142a II w Krakowie i Starostwie Powiatowym w Nowym S\u0105czu odby\u0142y si\u0119 szkolenia inauguruj\u0105ce realizacj\u0119 programu \u201eWybierz \u017bycie-Pierwszy Krok\u201d\u00a0 na terenie wojew\u00f3dztwa ma\u0142opolskiego. Uczestnikami szkole\u0144 byli wojew\u00f3dzcy, powiatowi i szkolni koordynatorzy programu, kt\u00f3rzy b\u0119d\u0105 odpowiedzialni za koordynacj\u0119 i realizacj\u0119 programu w [&hellip;]<\/p>\n","protected":false},"author":45,"featured_media":0,"comment_status":"closed","ping_status":"closed","sticky":false,"template":"","format":"standard","meta":{"_monsterinsights_skip_tracking":false,"_monsterinsights_sitenote_active":false,"_monsterinsights_sitenote_note":"","_monsterinsights_sitenote_category":0,"footnotes":""},"categories":[1],"tags":[],"class_list":["post-3500","post","type-post","status-publish","format-standard","hentry","category-bez-kategorii"],"_links":{"self":[{"href":"https:\/\/wsse.krakow.pl\/page\/wp-json\/wp\/v2\/posts\/3500","targetHints":{"allow":["GET"]}}],"collection":[{"href":"https:\/\/wsse.krakow.pl\/page\/wp-json\/wp\/v2\/posts"}],"about":[{"href":"https:\/\/wsse.krakow.pl\/page\/wp-json\/wp\/v2\/types\/post"}],"author":[{"embeddable":true,"href":"https:\/\/wsse.krakow.pl\/page\/wp-json\/wp\/v2\/users\/45"}],"replies":[{"embeddable":true,"href":"https:\/\/wsse.krakow.pl\/page\/wp-json\/wp\/v2\/comments?post=3500"}],"version-history":[{"count":8,"href":"https:\/\/wsse.krakow.pl\/page\/wp-json\/wp\/v2\/posts\/3500\/revisions"}],"predecessor-version":[{"id":3650,"href":"https:\/\/wsse.krakow.pl\/page\/wp-json\/wp\/v2\/posts\/3500\/revisions\/3650"}],"wp:attachment":[{"href":"https:\/\/wsse.krakow.pl\/page\/wp-json\/wp\/v2\/media?parent=3500"}],"wp:term":[{"taxonomy":"category","embeddable":true,"href":"https:\/\/wsse.krakow.pl\/page\/wp-json\/wp\/v2\/categories?post=3500"},{"taxonomy":"post_tag","embeddable":true,"href":"https:\/\/wsse.krakow.pl\/page\/wp-json\/wp\/v2\/tags?post=3500"}],"curies":[{"name":"wp","href":"https:\/\/api.w.org\/{rel}","templated":true}]}}