{"id":3711,"date":"2019-02-08T10:39:44","date_gmt":"2019-02-08T09:39:44","guid":{"rendered":"http:\/\/wsse.krakow.pl\/page\/?p=3711"},"modified":"2019-02-08T10:44:24","modified_gmt":"2019-02-08T09:44:24","slug":"posiedzenie-zespolu-ds-realizacji-krajowego-programu-zapobiegania-zakazeniom-hiv-i-zwalczania-aids-7-02-2019-r","status":"publish","type":"post","link":"https:\/\/wsse.krakow.pl\/page\/posiedzenie-zespolu-ds-realizacji-krajowego-programu-zapobiegania-zakazeniom-hiv-i-zwalczania-aids-7-02-2019-r\/","title":{"rendered":"Posiedzenie Zespo\u0142u ds. realizacji Krajowego Programu Zapobiegania Zaka\u017ceniom HIV i Zwalczania AIDS &#8211; 7.02.2019 r."},"content":{"rendered":"<p style=\"line-height: normal; page-break-before: always; background: white; margin: 5.1pt 0cm 5.1pt 0cm;\">7 lutego 2019 r. w Ma\u0142opolskim Urz\u0119dzie Wojew\u00f3dzkim odby\u0142o si\u0119 posiedzenie Zespo\u0142u ds. realizacji Krajowego Programu Zapobiegania Zaka\u017ceniom HIV i Zwalczania AIDS w Wojew\u00f3dztwie Ma\u0142opolskim*. G\u0142\u00f3wnym punktem programu posiedzenia by\u0142o wyst\u0105pienie go\u015bcia specjalnego pani Magdaleny Ankiersztejn-Bartczak, prezesa Zarz\u0105du Fundacji Edukacji Spo\u0142ecznej (FES), kt\u00f3ra przedstawi\u0142a strategi\u0119 wdra\u017cania globalnej inicjatywy <em>Fast Track Cities<\/em>, aby wsp\u00f3lnie zako\u0144czy\u0107 AIDS jako zagro\u017cenie dla zdrowia publicznego do 2030 roku. Cel ten ma by\u0107 osi\u0105gni\u0119ty poprzez realizacj\u0119 strategii 90-90-90 (90% os\u00f3b b\u0119dzie zna\u0142o sw\u00f3j status serologiczny, 90% os\u00f3b zaka\u017conych wirusem HIV b\u0119dzie mia\u0142o dost\u0119p do leczenia antyretrowirusowego, 90% os\u00f3b stosuj\u0105cych leczenie antyretrowirusowe b\u0119dzie mia\u0142 niewykrywaln\u0105 wiremi\u0119). Przyst\u0105pienie do sieci &#8222;Fast-Track Cities&#8221; jest okazj\u0105 do przy\u0142\u0105czenia si\u0119 do globalnej walki z HIV i wymiany do\u015bwiadcze\u0144 pomi\u0119dzy miastami, kt\u00f3re w\u0142\u0105czaj\u0105 si\u0119 w projekt.<br \/>\n<!--more--><br \/>\nOtwarcia spotkania dokona\u0142a pani Ewa Pod\u0142\u0119cka, z-ca Dyrektora Wydzia\u0142u Polityki Spo\u0142ecznej. Przedstawicielka Wojew\u00f3dzkiej Stacji Sanitarno-Epidemiologicznej w Krakowie, pe\u0142ni\u0105ca funkcj\u0119 przewodnicz\u0105cej Zespo\u0142u pani Gra\u017cyna Prze\u017ami\u0144ska przywita\u0142a nowych partner\u00f3w Zespo\u0142u: pana Przemys\u0142awa Cichego, z-cy Dyrektora Wydzia\u0142u Polityki Spo\u0142ecznej i Zdrowia UMK oraz pana Marcina Drewniaka- w-ce Prezesa CPiES Parasol, a tak\u017ce nowego przedstawiciela IFMSA -pani\u0105 Jagod\u0119 Dradrach.<\/p>\n<p>W spotkaniu uczestniczyli r\u00f3wnie\u017c: p. Anna Florek-P\u0142aczek (Ma\u0142opolski Urz\u0105d Wojew\u00f3dzki w Krakowie), p. Aleksander Gorlicki (Konsultant Wojew\u00f3dzki w dziedzinie chor\u00f3b zaka\u017anych), p. Przemys\u0142aw Tomasik (Konsultant Wojew\u00f3dzki w dziedzinie diagnostyki laboratoryjnej), Dorota Mro\u017cek-Budzy\u0144 (Konsultant Wojew\u00f3dzki w dziedzinie epidemiologii), p. Maria Brodzikowska (Stowarzyszenie Profilaktyki i Wsparcia w zakresie HIV\/AIDS \u201eJeden \u015awiat\u201d), p. Barbara Nowak (Ma\u0142opolski Wojew\u00f3dzki Oddzia\u0142 Narodowego Funduszu Zdrowia w Krakowie), p. Anna Kr\u00f3likowska (Oddzia\u0142 Krak\u00f3w IMFSA-Poland Mi\u0119dzynarodowe Stowarzyszenie Student\u00f3w Medycyny).<\/p>\n<p>Podczas spotkania cz\u0142onkowie Zespo\u0142u dyskutowali na temat aktualnej sytuacji epidemiologicznej HIV\/AIDS w Ma\u0142opolsce, ograniczonego dost\u0119pu do PKD w Ma\u0142opolsce i nadal wci\u0105\u017c niedostatecznej wiedzy z zakresu profilaktyki HIV\/AIDS.<\/p>\n<p>Potrzeba uruchomienia dodatkowego punktu konsultacyjno-diagnostycznego oraz intensyfikacja dzia\u0142a\u0144 profilaktycznych skierowanych do m\u0142odzie\u017cy to priorytety wskazane podczas posiedzenia Zespo\u0142u.<\/p>\n<p style=\"line-height: normal; page-break-before: always; background: white; margin: 5.1pt 0cm 5.1pt 0cm;\"><em>* Zesp\u00f3\u0142 ds. realizacji Krajowego Programu Zapobiegania Zaka\u017ceniom HIV i Zwalczania AIDS w Wojew\u00f3dztwie Ma\u0142opolskim zosta\u0142 powo\u0142any przez Wojewod\u0119 Ma\u0142opolskiego w celu koordynacji dzia\u0142a\u0144 zwi\u0105zanych z wdra\u017caniem Krajowego Programu Zapobiegania Zaka\u017ceniom HIV i Zwalczania AIDS, podejmowanych na terenie wojew\u00f3dztwa ma\u0142opolskiego.<\/em><\/p>\n<p style=\"line-height: normal; background: white; orphans: 2; widows: 2; margin: 5.1pt 0cm 5.1pt 0cm;\"><a href=\"http:\/\/wsse.krakow.pl\/page\/wp-content\/uploads\/2019\/02\/1.jpg\" data-rel=\"lightbox-image-0\" data-rl_title=\"\" data-rl_caption=\"\" title=\"\"><img loading=\"lazy\" decoding=\"async\" class=\"alignnone size-full wp-image-3712\" src=\"http:\/\/wsse.krakow.pl\/page\/wp-content\/uploads\/2019\/02\/1.jpg\" alt=\"\" width=\"960\" height=\"720\" \/><\/a> <a href=\"http:\/\/wsse.krakow.pl\/page\/wp-content\/uploads\/2019\/02\/11.jpg\" data-rel=\"lightbox-image-1\" data-rl_title=\"\" data-rl_caption=\"\" title=\"\"><img loading=\"lazy\" decoding=\"async\" class=\"alignnone size-full wp-image-3713\" src=\"http:\/\/wsse.krakow.pl\/page\/wp-content\/uploads\/2019\/02\/11.jpg\" alt=\"\" width=\"960\" height=\"720\" \/><\/a> <a href=\"http:\/\/wsse.krakow.pl\/page\/wp-content\/uploads\/2019\/02\/33.jpg\" data-rel=\"lightbox-image-2\" data-rl_title=\"\" data-rl_caption=\"\" title=\"\"><img loading=\"lazy\" decoding=\"async\" class=\"alignnone size-full wp-image-3714\" src=\"http:\/\/wsse.krakow.pl\/page\/wp-content\/uploads\/2019\/02\/33.jpg\" alt=\"\" width=\"960\" height=\"720\" \/><\/a><\/p>\n","protected":false},"excerpt":{"rendered":"<p>7 lutego 2019 r. w Ma\u0142opolskim Urz\u0119dzie Wojew\u00f3dzkim odby\u0142o si\u0119 posiedzenie Zespo\u0142u ds. realizacji Krajowego Programu Zapobiegania Zaka\u017ceniom HIV i Zwalczania AIDS w Wojew\u00f3dztwie Ma\u0142opolskim*. G\u0142\u00f3wnym punktem programu posiedzenia by\u0142o wyst\u0105pienie go\u015bcia specjalnego pani Magdaleny Ankiersztejn-Bartczak, prezesa Zarz\u0105du Fundacji Edukacji Spo\u0142ecznej (FES), kt\u00f3ra przedstawi\u0142a strategi\u0119 wdra\u017cania globalnej inicjatywy Fast Track Cities, aby wsp\u00f3lnie zako\u0144czy\u0107 AIDS [&hellip;]<\/p>\n","protected":false},"author":45,"featured_media":0,"comment_status":"closed","ping_status":"closed","sticky":false,"template":"","format":"standard","meta":{"_monsterinsights_skip_tracking":false,"_monsterinsights_sitenote_active":false,"_monsterinsights_sitenote_note":"","_monsterinsights_sitenote_category":0,"footnotes":""},"categories":[47],"tags":[],"class_list":["post-3711","post","type-post","status-publish","format-standard","hentry","category-krajowy-program-zapobiegania-zakazeniom-hiv-i-zwalczania-aids"],"_links":{"self":[{"href":"https:\/\/wsse.krakow.pl\/page\/wp-json\/wp\/v2\/posts\/3711","targetHints":{"allow":["GET"]}}],"collection":[{"href":"https:\/\/wsse.krakow.pl\/page\/wp-json\/wp\/v2\/posts"}],"about":[{"href":"https:\/\/wsse.krakow.pl\/page\/wp-json\/wp\/v2\/types\/post"}],"author":[{"embeddable":true,"href":"https:\/\/wsse.krakow.pl\/page\/wp-json\/wp\/v2\/users\/45"}],"replies":[{"embeddable":true,"href":"https:\/\/wsse.krakow.pl\/page\/wp-json\/wp\/v2\/comments?post=3711"}],"version-history":[{"count":11,"href":"https:\/\/wsse.krakow.pl\/page\/wp-json\/wp\/v2\/posts\/3711\/revisions"}],"predecessor-version":[{"id":3717,"href":"https:\/\/wsse.krakow.pl\/page\/wp-json\/wp\/v2\/posts\/3711\/revisions\/3717"}],"wp:attachment":[{"href":"https:\/\/wsse.krakow.pl\/page\/wp-json\/wp\/v2\/media?parent=3711"}],"wp:term":[{"taxonomy":"category","embeddable":true,"href":"https:\/\/wsse.krakow.pl\/page\/wp-json\/wp\/v2\/categories?post=3711"},{"taxonomy":"post_tag","embeddable":true,"href":"https:\/\/wsse.krakow.pl\/page\/wp-json\/wp\/v2\/tags?post=3711"}],"curies":[{"name":"wp","href":"https:\/\/api.w.org\/{rel}","templated":true}]}}