{"id":3803,"date":"2019-02-22T12:35:39","date_gmt":"2019-02-22T11:35:39","guid":{"rendered":"http:\/\/wsse.krakow.pl\/page\/?p=3803"},"modified":"2019-02-22T12:39:44","modified_gmt":"2019-02-22T11:39:44","slug":"spotkanie-w-sprawie-ograniczenia-rozprzestrzeniania-sie-przypadkow-paleczek-enterobacteriaceae-produkujacych-karbapenemazy","status":"publish","type":"post","link":"https:\/\/wsse.krakow.pl\/page\/spotkanie-w-sprawie-ograniczenia-rozprzestrzeniania-sie-przypadkow-paleczek-enterobacteriaceae-produkujacych-karbapenemazy\/","title":{"rendered":"Spotkanie w sprawie ograniczenia rozprzestrzeniania si\u0119 przypadk\u00f3w pa\u0142eczek Enterobacteriaceae produkuj\u0105cych karbapenemazy"},"content":{"rendered":"<p>W dniu 22.02.2019 r. w Wojew\u00f3dzkiej Stacji Sanitarno-Epidemiologicznej w Krakowie odby\u0142o si\u0119 spotkanie w sprawie ograniczenia rozprzestrzeniania si\u0119 przypadk\u00f3w pa\u0142eczek Enterobacteriaceae produkuj\u0105cych karbapenemazy (CPE &#8211; ang. Carbapenemazy Producing Enterobacteriaceae) w wojew\u00f3dztwie ma\u0142opolskim.<\/p>\n<p><strong>Inicjatorem spotkania jest Jaros\u0142aw Foremny Ma\u0142opolski Pa\u0144stwowy Wojew\u00f3dzki Inspektor Sanitarny. <\/strong><\/p>\n<p>Spotkanie ma na celu rozpocz\u0119cie prac nad opracowaniem, a dalej wdro\u017ceniem dzia\u0142a\u0144 zmierzaj\u0105cych do ograniczenia skali zjawiska rozprzestrzeniania si\u0119 na terenie wojew\u00f3dztwa ma\u0142opolskiego pa\u0142eczek jelitowych Enterobacteriaceae produkuj\u0105cych karbapenemazy, w tym szczep\u00f3w <em>Klebsiella pneumoniae<\/em> wytwarzaj\u0105cych karbapenemazy (szczepy wysoce lekooporne). Dzia\u0142ania te s\u0105 konieczne w zwi\u0105zku z obserwowan\u0105 od 2012 r. w Polsce sytuacj\u0105 epidemiologiczn\u0105. Minister Zdrowia, Krajowy O\u015brodek Referencyjny ds. Lekowra\u017cliwo\u015bci oraz NPOA wyda\u0142 wytyczne i rekomendacje obejmuj\u0105ce post\u0119powanie w przypadku wyst\u0105pienia CPE &#8211; karbapenemazy.<\/p>\n<p><!--more--><\/p>\n<p>Spotkanie otworzy\u0142 Jaros\u0142aw Foremny Ma\u0142opolski Pa\u0144stwowy Wojew\u00f3dzki Inspektor Sanitarny wsp\u00f3lnie z Zbigniewem Starcem Wojewod\u0105 Ma\u0142opolskim.<\/p>\n<p>W spotkaniu uczestniczyli m.in.:<\/p>\n<ol>\n<li>prof. dr hab. n. med. Aleksander Garlicki &#8211; Konsultant Wojew\u00f3dzki w Dziedzinie Chor\u00f3b Zaka\u017anych<\/li>\n<li>prof. dr hab. n. med. Ma\u0142gorzata Bulanda &#8211; Konsultant Wojew\u00f3dzki w Dziedzinie Mikrobiologii Lekarskiej<\/li>\n<li>Dr n. med. Anna Szczypta &#8211; Konsultant Krajowy w Dziedzinie Piel\u0119gniarstwa Epidemiologicznego<\/li>\n<li>mgr Edyta Synowiec &#8211; Konsultant Wojew\u00f3dzki w Dziedzinie Piel\u0119gniarstwa Epidemiologicznego<\/li>\n<li>mgr Ma\u0142gorzata Krzystek-Purol &#8211; Przewodnicz\u0105cy Ma\u0142opolskiego Stowarzyszenia Komitet\u00f3w i Zespo\u0142\u00f3w ds. Zaka\u017ce\u0144<\/li>\n<li>mgr Ma\u0142gorzata Lechowicz &#8211; Zast\u0119pca Dyrektora Wydzia\u0142u Bezpiecze\u0144stwa i Zarz\u0105dzania Kryzysowego Ma\u0142opolskiego Urz\u0119du Wojew\u00f3dzkiego<\/li>\n<li>mgr Adam J\u0119drzejczyk &#8211; Pa\u0144stwowy Powiatowy Inspektor Sanitarny w Krakowie<\/li>\n<li>mgr Mateusz W\u00f3jcik &#8211; Pa\u0144stwowy Powiatowy Inspektor Sanitarny w Nowym S\u0105czu<\/li>\n<\/ol>\n<p>oraz Dyrektorzy szpitali, cz\u0142onkowie zespo\u0142\u00f3w ds. zaka\u017ce\u0144 szpitalnych, pracownicy Powiatowych Stacji Sanitarno-Epidemiologicznych z wojew\u00f3dztwa ma\u0142opolskiego.<\/p>\n<p>Aktualn\u0105 sytuacj\u0119 rozprzestrzeniania si\u0119 w Ma\u0142opolsce szczep\u00f3w <em>Enterobacteriaceae <\/em>opornych na karbapenemy \u2013 zaprezentowa\u0142a Anita Orze\u0142- Nowak Kierownik Oddzia\u0142u Epidemiologii WSSE w Krakowie. Anna Szczypta Konsultant Krajowy w Dziedzinie Piel\u0119gniarstwa Epidemiologicznego przedstawia\u0142a zakres zada\u0144 a mo\u017cliwo\u015bci Zespo\u0142u Kontroli Zaka\u017ce\u0144 w opracowaniu ogniska epidemicznego w podmiocie leczniczym. Nast\u0119pnie Mateusz W\u00f3jcik Pa\u0144stwowy Powiatowy Inspektor Sanitarny w Nowym S\u0105czu oraz lek. Ewa Szczypu\u0142a Przewodnicz\u0105ca Zespo\u0142u ds. Zaka\u017ce\u0144 Szpitalnych Szpitala Specjalistycznego im. J. \u015aniadeckiego w Nowym S\u0105czu om\u00f3wili ogniska epidemiczne <em>K. pneumoniae<\/em> CPE oraz <em>Klebsiella pneumoniae<\/em> OXA-48<\/p>\n<p>Zosta\u0142 ustalony plan dzia\u0142ania w tym obszarze:<\/p>\n<ul>\n<li>wdro\u017cenie nadzoru epidemicznego przez organy Pa\u0144stwowej Inspekcji Sanitarnej w wojew\u00f3dztwie ma\u0142opolskim &#8211; monitorowanie wyst\u0119powania szczep\u00f3w i zbieranie danych o przypadkach CPE\/NDM na terenie wojew\u00f3dztwa ma\u0142opolskiego;<\/li>\n<li>zapewnienie konsultacji oraz doradztwa merytorycznego dla podmiot\u00f3w leczniczych i personelu medycznego w sytuacji podejrzenia lub stwierdzenia szczepu <em>Klebsiella pneumoniae<\/em> wytwarzaj\u0105cych karbapenemazy;<\/li>\n<li>rozpowszechnianie w przedmiotowej sprawie informacji w\u015br\u00f3d os\u00f3b zainteresowanych oraz pacjent\u00f3w i ich rodzin;<\/li>\n<li>monitorowanie wdro\u017cenia przez szpitale w wojew\u00f3dztwie ma\u0142opolskim rekomendacji Ministra Zdrowia, Krajowego O\u015brodka Referencyjnego ds. Lekowra\u017cliwo\u015bci oraz NPOA obejmuj\u0105ce post\u0119powanie w przypadku wyst\u0105pienia CPE;<\/li>\n<li>prowadzenie wizytacji w szpitalach w\u00a0sytuacji podejrzenia lub stwierdzenia szczepu <em>Klebsiella pneumoniae<\/em> wytwarzaj\u0105cych karbapenemazy celem ewaluacji wdro\u017conych standard\u00f3w dzia\u0142ania.<\/li>\n<\/ul>\n<p><a href=\"http:\/\/wsse.krakow.pl\/page\/wp-content\/uploads\/2019\/02\/20190222_110528.jpg\" data-rel=\"lightbox-image-0\" data-rl_title=\"\" data-rl_caption=\"\" title=\"\"><img loading=\"lazy\" decoding=\"async\" class=\"alignnone size-full wp-image-3806\" src=\"http:\/\/wsse.krakow.pl\/page\/wp-content\/uploads\/2019\/02\/20190222_110528.jpg\" alt=\"\" width=\"4032\" height=\"3024\" \/><\/a> <a href=\"http:\/\/wsse.krakow.pl\/page\/wp-content\/uploads\/2019\/02\/20190222_111538.jpg\" data-rel=\"lightbox-image-1\" data-rl_title=\"\" data-rl_caption=\"\" title=\"\"><img loading=\"lazy\" decoding=\"async\" class=\"alignnone size-full wp-image-3807\" src=\"http:\/\/wsse.krakow.pl\/page\/wp-content\/uploads\/2019\/02\/20190222_111538.jpg\" alt=\"\" width=\"4032\" height=\"3024\" \/><\/a> <a href=\"http:\/\/wsse.krakow.pl\/page\/wp-content\/uploads\/2019\/02\/20190222_113614.jpg\" data-rel=\"lightbox-image-2\" data-rl_title=\"\" data-rl_caption=\"\" title=\"\"><img loading=\"lazy\" decoding=\"async\" class=\"alignnone size-full wp-image-3808\" src=\"http:\/\/wsse.krakow.pl\/page\/wp-content\/uploads\/2019\/02\/20190222_113614.jpg\" alt=\"\" width=\"4032\" height=\"3024\" \/><\/a> <a href=\"http:\/\/wsse.krakow.pl\/page\/wp-content\/uploads\/2019\/02\/20190222_110354.jpg\" data-rel=\"lightbox-image-3\" data-rl_title=\"\" data-rl_caption=\"\" title=\"\"><img loading=\"lazy\" decoding=\"async\" class=\"alignnone size-full wp-image-3809\" src=\"http:\/\/wsse.krakow.pl\/page\/wp-content\/uploads\/2019\/02\/20190222_110354.jpg\" alt=\"\" width=\"4032\" height=\"3024\" \/><\/a> <a href=\"http:\/\/wsse.krakow.pl\/page\/wp-content\/uploads\/2019\/02\/20190222_110453.jpg\" data-rel=\"lightbox-image-4\" data-rl_title=\"\" data-rl_caption=\"\" title=\"\"><img loading=\"lazy\" decoding=\"async\" class=\"alignnone size-full wp-image-3811\" src=\"http:\/\/wsse.krakow.pl\/page\/wp-content\/uploads\/2019\/02\/20190222_110453.jpg\" alt=\"\" width=\"4032\" height=\"3024\" \/><\/a> <a href=\"http:\/\/wsse.krakow.pl\/page\/wp-content\/uploads\/2019\/02\/20190222_110339.jpg\" data-rel=\"lightbox-image-5\" data-rl_title=\"\" data-rl_caption=\"\" title=\"\"><img loading=\"lazy\" decoding=\"async\" class=\"alignnone size-full wp-image-3812\" src=\"http:\/\/wsse.krakow.pl\/page\/wp-content\/uploads\/2019\/02\/20190222_110339.jpg\" alt=\"\" width=\"4032\" height=\"3024\" \/><\/a><\/p>\n","protected":false},"excerpt":{"rendered":"<p>W dniu 22.02.2019 r. w Wojew\u00f3dzkiej Stacji Sanitarno-Epidemiologicznej w Krakowie odby\u0142o si\u0119 spotkanie w sprawie ograniczenia rozprzestrzeniania si\u0119 przypadk\u00f3w pa\u0142eczek Enterobacteriaceae produkuj\u0105cych karbapenemazy (CPE &#8211; ang. Carbapenemazy Producing Enterobacteriaceae) w wojew\u00f3dztwie ma\u0142opolskim. Inicjatorem spotkania jest Jaros\u0142aw Foremny Ma\u0142opolski Pa\u0144stwowy Wojew\u00f3dzki Inspektor Sanitarny. Spotkanie ma na celu rozpocz\u0119cie prac nad opracowaniem, a dalej wdro\u017ceniem dzia\u0142a\u0144 zmierzaj\u0105cych [&hellip;]<\/p>\n","protected":false},"author":45,"featured_media":0,"comment_status":"closed","ping_status":"closed","sticky":false,"template":"","format":"standard","meta":{"_monsterinsights_skip_tracking":false,"_monsterinsights_sitenote_active":false,"_monsterinsights_sitenote_note":"","_monsterinsights_sitenote_category":0,"footnotes":""},"categories":[1,55,5],"tags":[],"class_list":["post-3803","post","type-post","status-publish","format-standard","hentry","category-bez-kategorii","category-nadzor-epidemiologii","category-wsse"],"_links":{"self":[{"href":"https:\/\/wsse.krakow.pl\/page\/wp-json\/wp\/v2\/posts\/3803","targetHints":{"allow":["GET"]}}],"collection":[{"href":"https:\/\/wsse.krakow.pl\/page\/wp-json\/wp\/v2\/posts"}],"about":[{"href":"https:\/\/wsse.krakow.pl\/page\/wp-json\/wp\/v2\/types\/post"}],"author":[{"embeddable":true,"href":"https:\/\/wsse.krakow.pl\/page\/wp-json\/wp\/v2\/users\/45"}],"replies":[{"embeddable":true,"href":"https:\/\/wsse.krakow.pl\/page\/wp-json\/wp\/v2\/comments?post=3803"}],"version-history":[{"count":9,"href":"https:\/\/wsse.krakow.pl\/page\/wp-json\/wp\/v2\/posts\/3803\/revisions"}],"predecessor-version":[{"id":4750,"href":"https:\/\/wsse.krakow.pl\/page\/wp-json\/wp\/v2\/posts\/3803\/revisions\/4750"}],"wp:attachment":[{"href":"https:\/\/wsse.krakow.pl\/page\/wp-json\/wp\/v2\/media?parent=3803"}],"wp:term":[{"taxonomy":"category","embeddable":true,"href":"https:\/\/wsse.krakow.pl\/page\/wp-json\/wp\/v2\/categories?post=3803"},{"taxonomy":"post_tag","embeddable":true,"href":"https:\/\/wsse.krakow.pl\/page\/wp-json\/wp\/v2\/tags?post=3803"}],"curies":[{"name":"wp","href":"https:\/\/api.w.org\/{rel}","templated":true}]}}