{"id":4433,"date":"2019-05-31T10:39:15","date_gmt":"2019-05-31T08:39:15","guid":{"rendered":"http:\/\/wsse.krakow.pl\/page\/?p=4433"},"modified":"2019-06-24T07:43:29","modified_gmt":"2019-06-24T05:43:29","slug":"wstrzymanie-przyjmowania-probek-do-badan-11","status":"publish","type":"post","link":"https:\/\/wsse.krakow.pl\/page\/wstrzymanie-przyjmowania-probek-do-badan-11\/","title":{"rendered":"Wstrzymanie przyjmowania pr\u00f3bek do bada\u0144"},"content":{"rendered":"<p><img loading=\"lazy\" decoding=\"async\" class=\"alignleft wp-image-2073\" src=\"http:\/\/wsse.krakow.pl\/page\/wp-content\/uploads\/2017\/11\/info-147927_1280-300x300.png\" alt=\"info 147927 1280\" width=\"135\" height=\"135\" srcset=\"https:\/\/wsse.krakow.pl\/page\/wp-content\/uploads\/2017\/11\/info-147927_1280-300x300.png 300w, https:\/\/wsse.krakow.pl\/page\/wp-content\/uploads\/2017\/11\/info-147927_1280-150x150.png 150w, https:\/\/wsse.krakow.pl\/page\/wp-content\/uploads\/2017\/11\/info-147927_1280-768x768.png 768w, https:\/\/wsse.krakow.pl\/page\/wp-content\/uploads\/2017\/11\/info-147927_1280.png 1280w\" sizes=\"auto, (max-width: 135px) 100vw, 135px\" \/>Dzia\u0142 Laboratoryjny Wojew\u00f3dzkiej Stacji Sanitarno-Epidemiologicznej w Krakowie informuje, i\u017c w zwi\u0105zku z dniem wolnym przypadaj\u0105cymi na 20 czerwca 2019 r., w celu zachowania post\u0119powania zgodnego z procedurami badawczymi, <strong>wstrzymane zostanie przyjmowanie pr\u00f3bek do bada\u0144:<\/strong><\/p>\n<ul>\n<li style=\"list-style-type: none;\">\n<ul>\n<li style=\"list-style-type: none;\">\n<ul>\n<li style=\"list-style-type: none;\">\n<ul>\n<li><strong>ka\u0142u w dniach 18 i 19 czerwca 2019 r.<\/strong><\/li>\n<li><strong> wody i \u017cywno\u015bci w dniach 17-19 czerwca 2019 r.<\/strong><\/li>\n<\/ul>\n<\/li>\n<\/ul>\n<\/li>\n<\/ul>\n<\/li>\n<\/ul>\n<p>Wznowienie przyjmowania pr\u00f3bek do bada\u0144 nast\u0105pi 24 czerwca 2019 r.<\/p>\n","protected":false},"excerpt":{"rendered":"<p>Dzia\u0142 Laboratoryjny Wojew\u00f3dzkiej Stacji Sanitarno-Epidemiologicznej w Krakowie informuje, i\u017c w zwi\u0105zku z dniem wolnym przypadaj\u0105cymi na 20 czerwca 2019 r., w celu zachowania post\u0119powania zgodnego z procedurami badawczymi, wstrzymane zostanie przyjmowanie pr\u00f3bek do bada\u0144: ka\u0142u w dniach 18 i 19 czerwca 2019 r. wody i \u017cywno\u015bci w dniach 17-19 czerwca 2019 r. Wznowienie przyjmowania pr\u00f3bek [&hellip;]<\/p>\n","protected":false},"author":29,"featured_media":0,"comment_status":"closed","ping_status":"closed","sticky":false,"template":"","format":"standard","meta":{"_monsterinsights_skip_tracking":false,"_monsterinsights_sitenote_active":false,"_monsterinsights_sitenote_note":"","_monsterinsights_sitenote_category":0,"footnotes":""},"categories":[4],"tags":[],"class_list":["post-4433","post","type-post","status-publish","format-standard","hentry","category-komunikaty"],"_links":{"self":[{"href":"https:\/\/wsse.krakow.pl\/page\/wp-json\/wp\/v2\/posts\/4433","targetHints":{"allow":["GET"]}}],"collection":[{"href":"https:\/\/wsse.krakow.pl\/page\/wp-json\/wp\/v2\/posts"}],"about":[{"href":"https:\/\/wsse.krakow.pl\/page\/wp-json\/wp\/v2\/types\/post"}],"author":[{"embeddable":true,"href":"https:\/\/wsse.krakow.pl\/page\/wp-json\/wp\/v2\/users\/29"}],"replies":[{"embeddable":true,"href":"https:\/\/wsse.krakow.pl\/page\/wp-json\/wp\/v2\/comments?post=4433"}],"version-history":[{"count":7,"href":"https:\/\/wsse.krakow.pl\/page\/wp-json\/wp\/v2\/posts\/4433\/revisions"}],"predecessor-version":[{"id":4517,"href":"https:\/\/wsse.krakow.pl\/page\/wp-json\/wp\/v2\/posts\/4433\/revisions\/4517"}],"wp:attachment":[{"href":"https:\/\/wsse.krakow.pl\/page\/wp-json\/wp\/v2\/media?parent=4433"}],"wp:term":[{"taxonomy":"category","embeddable":true,"href":"https:\/\/wsse.krakow.pl\/page\/wp-json\/wp\/v2\/categories?post=4433"},{"taxonomy":"post_tag","embeddable":true,"href":"https:\/\/wsse.krakow.pl\/page\/wp-json\/wp\/v2\/tags?post=4433"}],"curies":[{"name":"wp","href":"https:\/\/api.w.org\/{rel}","templated":true}]}}