{"id":4471,"date":"2019-05-31T12:44:59","date_gmt":"2019-05-31T10:44:59","guid":{"rendered":"http:\/\/wsse.krakow.pl\/page\/?p=4471"},"modified":"2019-05-31T13:15:30","modified_gmt":"2019-05-31T11:15:30","slug":"6-dzien-otwarty-wsse-w-krakowie-podsumowanie","status":"publish","type":"post","link":"https:\/\/wsse.krakow.pl\/page\/6-dzien-otwarty-wsse-w-krakowie-podsumowanie\/","title":{"rendered":"6 Dzie\u0144 Otwarty WSSE w Krakowie \u2013 podsumowanie"},"content":{"rendered":"<p>W sobot\u0119, 25 maja 2019 r. w Wojew\u00f3dzkiej Stacji Sanitarno-Epidemiologicznej w Krakowie odby\u0142 si\u0119 6 Dzie\u0144 Otwarty, podczas kt\u00f3rego mieszka\u0144cy Krakowa i okolic mieli mo\u017cliwo\u015b\u0107 zapoznania si\u0119 z\u00a0dzia\u0142alno\u015bci\u0105 naszej instytucji, zwiedzenia laboratorium WSSE, skorzystania z\u00a0bezp\u0142atnych bada\u0144 profilaktycznych i konsultacji specjalistycznych. Na najm\u0142odszych uczestnik\u00f3w czeka\u0142o wiele atrakcji przygotowanych przez Partner\u00f3w wspieraj\u0105cych nasze wydarzenie. Dzie\u0144 Otwarty mia\u0142 charakter rodzinnego pikniku organizowanego g\u0142\u00f3wnie na terenach zielonych nale\u017c\u0105cych do WSSE w Krakowie.<\/p>\n<p><!--more--><\/p>\n<p>W tym dniu zainaugurowali\u015bmy jednocze\u015bnie obchody 100 lecia s\u0142u\u017cb sanitarnych w Polsce oraz 65 lecie istnienia Pa\u0144stwowej Inspekcji Sanitarnej.<\/p>\n<p>Patronat honorowy nad wydarzeniem obj\u0119li Wojewoda Ma\u0142opolski &#8211; Piotr \u0106wik i Marsza\u0142ek Wojew\u00f3dztwa Ma\u0142opolskiego &#8211; Witold Koz\u0142owski.<\/p>\n<p>Patronem medialnym wydarzenia zostali:\u00a0TVP3 Krak\u00f3w, Radio Krak\u00f3w, Dziennik Polski i Miasto Pociech.<\/p>\n<p>W tym roku po raz pierwszy mieli\u015bmy okazj\u0119 go\u015bci\u0107 specjalist\u00f3w z o\u015brodka Stomatologia Piaseczno, kt\u00f3rzy odwiedzili nas ze swoj\u0105 mobiln\u0105 klinik\u0105 stomatologiczn\u0105 tzw. Dentobusem, w kt\u00f3rym udzielali porad \u00a0i wykonywali bezp\u0142atne przegl\u0105dy stomatologiczne dla uczestnik\u00f3w.<\/p>\n<p>Wydarzenie wsparli r\u00f3wnie\u017c wolontariusze i pracownicy Ma\u0142opolskiego Oddzia\u0142u Polskiego Czerwonego Krzy\u017ca w Krakowie, kt\u00f3rzy poprowadzili warsztaty edukacyjne dla najm\u0142odszych uczestnik\u00f3w. Dzieci mia\u0142y okazj\u0119 dowiedzie\u0107 si\u0119 wi\u0119cej na temat tego\u00a0jak bawi\u0107 si\u0119 bezpiecznie, jak zachowa\u0107 si\u0119 w sytuacji zagra\u017caj\u0105cej zdrowiu i \u017cyciu, a tak\u017ce jak dba\u0107 o przyrod\u0119 i dlaczego warto to robi\u0107.<\/p>\n<p>Kolejn\u0105 now\u0105 atrakcj\u0105 ciesz\u0105c\u0105 si\u0119 ogromnym zainteresowaniem by\u0142 pokaz sprz\u0119tu wojskowego \u2013 spadochroniarskiego i saperskiego zorganizowany przez \u017co\u0142nierzy 6 Brygady Powietrznodesantowej im. gen. Bryg. S. Sosabowskiego w Krakowie.<\/p>\n<p>Dodatkowo Ma\u0142opolski Oddzia\u0142u Wojew\u00f3dzkiego Narodowego Funduszu Zdrowia umo\u017cliwi\u0142, zainteresowanym wyrobienie karty EKUZ (Europejska Karta Ubezpieczenia Zdrowotnego) na miejscu. Zainteresowani mogli uzupe\u0142ni\u0107 swoj\u0105 wiedz\u0119 na temat praw pacjenta, \u015bwiadcze\u0144 i program\u00f3w profilaktycznych dost\u0119pnych w ramach powszechnego ubezpieczenia zdrowotnego, a tak\u017ce wykona\u0107 bezp\u0142atn\u0105 dermatoskopi\u0119 (badanie pozwalaj\u0105ce na ocen\u0119 znamion i zmian sk\u00f3rnych).<\/p>\n<p>W wydarzeniu udzia\u0142 wzi\u0119li r\u00f3wnie\u017c specjali\u015bci z Krakowskiego O\u015brodka Diagnostyki Kr\u0119gos\u0142upa, kt\u00f3rzy wykonywali badanie wad postawy i udzielali porad dotycz\u0105cych problemu dyskopatii i innych schorze\u0144 kr\u0119gos\u0142upa.<\/p>\n<p>Dzi\u0119ki wsparciu Fundacji Europejska Klinika Cukrzycy, wszyscy uczestnicy mieli okazj\u0119 wykona\u0107 pomiar ci\u015bnienia t\u0119tniczego krwi, cukru i tkanki t\u0142uszczowej a tak\u017ce zasi\u0119gn\u0105\u0107 porady dietetyka, lekarza i edukatora spo\u0142ecznego.<\/p>\n<p>Pomiar ci\u015bnienia t\u0119tniczego i badanie zawarto\u015bci tlenku w\u0119gla w wydychanym powietrzu wykonywali studenci z Mi\u0119dzynarodowego Stowarzyszenia Student\u00f3w Medycyny IMFSA-Poland.<\/p>\n<p>Wydarzenie wspar\u0142y r\u00f3wnie\u017c przedstawicielki Krakowskiego Towarzystwa \u201eAmazonki\u201d. Panie mia\u0142y okazj\u0119 zasi\u0119gn\u0105\u0107 informacji na temat profilaktycznych bada\u0144 piersi a tak\u017ce tego jak prawid\u0142owo wykonywa\u0107 samobadanie piersi.<\/p>\n<p>Podobnie jak w roku ubieg\u0142ym, nies\u0142abn\u0105cym zainteresowaniem cieszy\u0142a si\u0119 wizyta przedstawicieli Wojew\u00f3dzkiego Specjalistycznego Szpitala Dzieci\u0119cego im. \u015aw. Ludwika w Krakowie, kt\u00f3rzy odwiedzili nas wraz z czworonogiem Brunem, jednym z \u201epsich terapeut\u00f3w\u201d na co dzie\u0144 uczestnicz\u0105cym w zaj\u0119ciach dogoterapii i pomagaj\u0105cym ma\u0142ym pacjentom tego Szpitala.<\/p>\n<p>Najm\u0142odsi uczestnicy mieli okazj\u0119 wzi\u0105\u0107 udzia\u0142 w grze plenerowej organizowanej przez Wodoci\u0105gi Miasta Krakowa, zobaczy\u0107 szalony pokaz chemiczny w wykonaniu ChemicAl World, dowiedzie\u0107 si\u0119 wi\u0119cej na temat bezpiecznych zachowa\u0144 (Komenda Wojew\u00f3dzka Policji w Krakowie), a tak\u017ce obejrze\u0107 z bliska w\u00f3z stra\u017cacki (Szko\u0142a Aspirant\u00f3w Pa\u0144stwowej Stra\u017cy Po\u017carnej w Krakowie), karetk\u0119 pogotowia ratunkowego (Krakowskie Pogotowie Ratunkowe) czy specjalistyczny pojazd do kontroli spalin (Wojew\u00f3dzki Inspektorat Transportu Drogowego\u00a0 Krakowie).<\/p>\n<p>Poza szeregiem atrakcji i bada\u0144 przygotowanych we wsp\u00f3\u0142pracy z naszymi Partnerami, uczestnicy\u00a0 mogli wzbogaci\u0107 swoj\u0105 wiedz\u0119 na temat naszej dzia\u0142alno\u015bci. Podczas konferencji prasowej po\u015bwi\u0119conej 100-leciu istnienia s\u0142u\u017cb sanitarnych w Polsce zosta\u0142y przedstawione osi\u0105gniecia naszej s\u0142u\u017cby na terenie Ma\u0142opolski oraz wyzwania przed jakimi stoj\u0105 organy Pa\u0144stwowej Inspekcji Sanitarnej.<\/p>\n<p>Sk\u0142adamy gor\u0105ce podzi\u0119kowania wszystkim naszym Partnerom, kt\u00f3rzy wsp\u00f3\u0142organizowali z nami to wydarzenie, a tak\u017ce go\u015bciom za t\u0142umne przybycie i udzia\u0142 w wydarzeniu. Dzi\u0119kujemy Studio3df-Film&amp;Fotografia za profesjonalne uwiecznienie naszego przedsi\u0119wzi\u0119cia.<\/p>\n<p>Wi\u0119cej informacji o naszym wydarzeniu znajd\u0105 Pa\u0144stwo na stronie naszego wydarzenia: https:\/\/www.facebook.com\/events\/622771318220422\/<\/p>\n<p>Poni\u017cej fotorelacja z 6 Dnia Otwartego Wojew\u00f3dzkiej Stacji Sanitarno-Epidemiologicznej w Krakowie:<\/p>\n<p><img loading=\"lazy\" decoding=\"async\" class=\"alignnone size-full wp-image-4476\" src=\"http:\/\/wsse.krakow.pl\/page\/wp-content\/uploads\/2019\/05\/1.jpg\" alt=\"\" width=\"2000\" height=\"1331\" \/><img loading=\"lazy\" decoding=\"async\" class=\"alignnone size-full wp-image-4477\" src=\"http:\/\/wsse.krakow.pl\/page\/wp-content\/uploads\/2019\/05\/2.jpg\" alt=\"\" width=\"2000\" height=\"1331\" \/><img loading=\"lazy\" decoding=\"async\" class=\"alignnone size-full wp-image-4477\" src=\"http:\/\/wsse.krakow.pl\/page\/wp-content\/uploads\/2019\/05\/2.jpg\" alt=\"\" width=\"2000\" height=\"1331\" \/><img loading=\"lazy\" decoding=\"async\" class=\"alignnone size-full wp-image-4478\" src=\"http:\/\/wsse.krakow.pl\/page\/wp-content\/uploads\/2019\/05\/3.jpg\" alt=\"\" width=\"2000\" height=\"1331\" \/><img loading=\"lazy\" decoding=\"async\" class=\"alignnone size-full wp-image-4479\" src=\"http:\/\/wsse.krakow.pl\/page\/wp-content\/uploads\/2019\/05\/4.jpg\" alt=\"\" width=\"2000\" height=\"1331\" \/><img loading=\"lazy\" decoding=\"async\" class=\"alignnone size-full wp-image-4480\" src=\"http:\/\/wsse.krakow.pl\/page\/wp-content\/uploads\/2019\/05\/5.jpg\" alt=\"\" width=\"2000\" height=\"1331\" \/><img loading=\"lazy\" decoding=\"async\" class=\"alignnone size-full wp-image-4481\" src=\"http:\/\/wsse.krakow.pl\/page\/wp-content\/uploads\/2019\/05\/6.jpg\" alt=\"\" width=\"2000\" height=\"1331\" \/><img loading=\"lazy\" decoding=\"async\" class=\"alignnone size-full wp-image-4482\" src=\"http:\/\/wsse.krakow.pl\/page\/wp-content\/uploads\/2019\/05\/7.jpg\" alt=\"\" width=\"2000\" height=\"1331\" \/><img loading=\"lazy\" decoding=\"async\" class=\"alignnone size-full wp-image-4483\" src=\"http:\/\/wsse.krakow.pl\/page\/wp-content\/uploads\/2019\/05\/8.jpg\" alt=\"\" width=\"2000\" height=\"1331\" \/><img loading=\"lazy\" decoding=\"async\" class=\"alignnone size-full wp-image-4484\" src=\"http:\/\/wsse.krakow.pl\/page\/wp-content\/uploads\/2019\/05\/9.jpg\" alt=\"\" width=\"2000\" height=\"1331\" \/><img loading=\"lazy\" decoding=\"async\" class=\"alignnone size-full wp-image-4485\" src=\"http:\/\/wsse.krakow.pl\/page\/wp-content\/uploads\/2019\/05\/10.jpg\" alt=\"\" width=\"2000\" height=\"1331\" \/><img loading=\"lazy\" decoding=\"async\" class=\"alignnone size-full wp-image-4486\" src=\"http:\/\/wsse.krakow.pl\/page\/wp-content\/uploads\/2019\/05\/11.jpg\" alt=\"\" width=\"2000\" height=\"1331\" \/><img loading=\"lazy\" decoding=\"async\" class=\"alignnone size-full wp-image-4487\" src=\"http:\/\/wsse.krakow.pl\/page\/wp-content\/uploads\/2019\/05\/12.jpg\" alt=\"\" width=\"2000\" height=\"1331\" \/><img loading=\"lazy\" decoding=\"async\" class=\"alignnone size-full wp-image-4488\" src=\"http:\/\/wsse.krakow.pl\/page\/wp-content\/uploads\/2019\/05\/13.jpg\" alt=\"\" width=\"2000\" height=\"1331\" \/><img loading=\"lazy\" decoding=\"async\" class=\"alignnone size-full wp-image-4489\" src=\"http:\/\/wsse.krakow.pl\/page\/wp-content\/uploads\/2019\/05\/14.jpg\" alt=\"\" width=\"2000\" height=\"1331\" \/><img loading=\"lazy\" decoding=\"async\" class=\"alignnone size-full wp-image-4490\" src=\"http:\/\/wsse.krakow.pl\/page\/wp-content\/uploads\/2019\/05\/15.jpg\" alt=\"\" width=\"2000\" height=\"1331\" \/><img loading=\"lazy\" decoding=\"async\" class=\"alignnone size-full wp-image-4491\" src=\"http:\/\/wsse.krakow.pl\/page\/wp-content\/uploads\/2019\/05\/16.jpg\" alt=\"\" width=\"2000\" height=\"1331\" \/><img loading=\"lazy\" decoding=\"async\" class=\"alignnone size-full wp-image-4492\" src=\"http:\/\/wsse.krakow.pl\/page\/wp-content\/uploads\/2019\/05\/17.jpg\" alt=\"\" width=\"2000\" height=\"1331\" \/><img loading=\"lazy\" decoding=\"async\" class=\"alignnone size-full wp-image-4493\" src=\"http:\/\/wsse.krakow.pl\/page\/wp-content\/uploads\/2019\/05\/18.jpg\" alt=\"\" width=\"2000\" height=\"1331\" \/><img loading=\"lazy\" decoding=\"async\" class=\"alignnone size-full wp-image-4494\" src=\"http:\/\/wsse.krakow.pl\/page\/wp-content\/uploads\/2019\/05\/19.jpg\" alt=\"\" width=\"2000\" height=\"1331\" \/><img loading=\"lazy\" decoding=\"async\" class=\"alignnone size-full wp-image-4495\" src=\"http:\/\/wsse.krakow.pl\/page\/wp-content\/uploads\/2019\/05\/20.jpg\" alt=\"\" width=\"2000\" height=\"1331\" \/><img loading=\"lazy\" decoding=\"async\" class=\"alignnone size-full wp-image-4496\" src=\"http:\/\/wsse.krakow.pl\/page\/wp-content\/uploads\/2019\/05\/23.jpg\" alt=\"\" width=\"2000\" height=\"1331\" \/><img loading=\"lazy\" decoding=\"async\" class=\"alignnone size-full wp-image-4497\" src=\"http:\/\/wsse.krakow.pl\/page\/wp-content\/uploads\/2019\/05\/24.jpg\" alt=\"\" width=\"2000\" height=\"1331\" \/><img loading=\"lazy\" decoding=\"async\" class=\"alignnone size-full wp-image-4498\" src=\"http:\/\/wsse.krakow.pl\/page\/wp-content\/uploads\/2019\/05\/25.jpg\" alt=\"\" width=\"2000\" height=\"1331\" \/><img loading=\"lazy\" decoding=\"async\" class=\"alignnone size-full wp-image-4499\" src=\"http:\/\/wsse.krakow.pl\/page\/wp-content\/uploads\/2019\/05\/26.jpg\" alt=\"\" width=\"2000\" height=\"1331\" \/><img loading=\"lazy\" decoding=\"async\" class=\"alignnone size-full wp-image-4500\" src=\"http:\/\/wsse.krakow.pl\/page\/wp-content\/uploads\/2019\/05\/28.jpg\" alt=\"\" width=\"2000\" height=\"1331\" \/><img loading=\"lazy\" decoding=\"async\" class=\"alignnone size-full wp-image-4501\" src=\"http:\/\/wsse.krakow.pl\/page\/wp-content\/uploads\/2019\/05\/29.jpg\" alt=\"\" width=\"2000\" height=\"1331\" \/><img loading=\"lazy\" decoding=\"async\" class=\"alignnone size-full wp-image-4502\" src=\"http:\/\/wsse.krakow.pl\/page\/wp-content\/uploads\/2019\/05\/30.jpg\" alt=\"\" width=\"2000\" height=\"1331\" \/><img loading=\"lazy\" decoding=\"async\" class=\"alignnone size-full wp-image-4504\" src=\"http:\/\/wsse.krakow.pl\/page\/wp-content\/uploads\/2019\/05\/32.jpg\" alt=\"\" width=\"2000\" height=\"1331\" \/><img loading=\"lazy\" decoding=\"async\" class=\"alignnone size-full wp-image-4503\" src=\"http:\/\/wsse.krakow.pl\/page\/wp-content\/uploads\/2019\/05\/31.jpg\" alt=\"\" width=\"2000\" height=\"1331\" \/><img loading=\"lazy\" decoding=\"async\" class=\"alignnone size-full wp-image-4505\" src=\"http:\/\/wsse.krakow.pl\/page\/wp-content\/uploads\/2019\/05\/33.jpg\" alt=\"\" width=\"2000\" height=\"1331\" \/><\/p>\n<p>B\u0105d\u017a na bie\u017c\u0105co i dowiedz si\u0119 wi\u0119cej:<\/p>\n<div><span id=\"OBJ_PREFIX_DWT2203_com_zimbra_url\" class=\"Object\" role=\"link\"><span id=\"OBJ_PREFIX_DWT2229_com_zimbra_url\" class=\"Object\" role=\"link\"><a href=\"http:\/\/www.wsse.krakow.pl\/\" target=\"_blank\" rel=\"noopener noreferrer\">www.wsse.krakow.pl<\/a><\/span><\/span><\/div>\n<div><span id=\"OBJ_PREFIX_DWT2204_com_zimbra_url\" class=\"Object\" role=\"link\"><span id=\"OBJ_PREFIX_DWT2230_com_zimbra_url\" class=\"Object-active\" role=\"link\"><a href=\"https:\/\/twitter.com\/KrakowWSSE\" target=\"_blank\" rel=\"noopener noreferrer\">https:\/\/twitter.com\/KrakowWSSE<\/a><\/span><\/span><\/div>\n<div><span id=\"OBJ_PREFIX_DWT2205_com_zimbra_url\" class=\"Object\" role=\"link\"><span id=\"OBJ_PREFIX_DWT2231_com_zimbra_url\" class=\"Object\" role=\"link\"><a href=\"https:\/\/pl-pl.facebook.com\/wsse.krakow\/\" target=\"_blank\" rel=\"noopener noreferrer\">https:\/\/pl-pl.facebook.com\/wsse.krakow\/<\/a><\/span><\/span><\/div>\n","protected":false},"excerpt":{"rendered":"<p>W sobot\u0119, 25 maja 2019 r. w Wojew\u00f3dzkiej Stacji Sanitarno-Epidemiologicznej w Krakowie odby\u0142 si\u0119 6 Dzie\u0144 Otwarty, podczas kt\u00f3rego mieszka\u0144cy Krakowa i okolic mieli mo\u017cliwo\u015b\u0107 zapoznania si\u0119 z\u00a0dzia\u0142alno\u015bci\u0105 naszej instytucji, zwiedzenia laboratorium WSSE, skorzystania z\u00a0bezp\u0142atnych bada\u0144 profilaktycznych i konsultacji specjalistycznych. Na najm\u0142odszych uczestnik\u00f3w czeka\u0142o wiele atrakcji przygotowanych przez Partner\u00f3w wspieraj\u0105cych nasze wydarzenie. Dzie\u0144 Otwarty mia\u0142 [&hellip;]<\/p>\n","protected":false},"author":45,"featured_media":0,"comment_status":"closed","ping_status":"closed","sticky":false,"template":"","format":"standard","meta":{"_monsterinsights_skip_tracking":false,"_monsterinsights_sitenote_active":false,"_monsterinsights_sitenote_note":"","_monsterinsights_sitenote_category":0,"footnotes":""},"categories":[40,5],"tags":[163],"class_list":["post-4471","post","type-post","status-publish","format-standard","hentry","category-promocja-zdrowia","category-wsse","tag-dzienotwarty-profilaktyka-zdrowie-konsultacje-porady"],"_links":{"self":[{"href":"https:\/\/wsse.krakow.pl\/page\/wp-json\/wp\/v2\/posts\/4471","targetHints":{"allow":["GET"]}}],"collection":[{"href":"https:\/\/wsse.krakow.pl\/page\/wp-json\/wp\/v2\/posts"}],"about":[{"href":"https:\/\/wsse.krakow.pl\/page\/wp-json\/wp\/v2\/types\/post"}],"author":[{"embeddable":true,"href":"https:\/\/wsse.krakow.pl\/page\/wp-json\/wp\/v2\/users\/45"}],"replies":[{"embeddable":true,"href":"https:\/\/wsse.krakow.pl\/page\/wp-json\/wp\/v2\/comments?post=4471"}],"version-history":[{"count":7,"href":"https:\/\/wsse.krakow.pl\/page\/wp-json\/wp\/v2\/posts\/4471\/revisions"}],"predecessor-version":[{"id":4516,"href":"https:\/\/wsse.krakow.pl\/page\/wp-json\/wp\/v2\/posts\/4471\/revisions\/4516"}],"wp:attachment":[{"href":"https:\/\/wsse.krakow.pl\/page\/wp-json\/wp\/v2\/media?parent=4471"}],"wp:term":[{"taxonomy":"category","embeddable":true,"href":"https:\/\/wsse.krakow.pl\/page\/wp-json\/wp\/v2\/categories?post=4471"},{"taxonomy":"post_tag","embeddable":true,"href":"https:\/\/wsse.krakow.pl\/page\/wp-json\/wp\/v2\/tags?post=4471"}],"curies":[{"name":"wp","href":"https:\/\/api.w.org\/{rel}","templated":true}]}}