{"id":4554,"date":"2019-06-17T13:51:32","date_gmt":"2019-06-17T11:51:32","guid":{"rendered":"http:\/\/wsse.krakow.pl\/page\/?p=4554"},"modified":"2019-06-17T14:07:01","modified_gmt":"2019-06-17T12:07:01","slug":"nowe-programy-edukacyjne-w-woj-malopolskim-podstepne-wzw-i-znamie-znam-je","status":"publish","type":"post","link":"https:\/\/wsse.krakow.pl\/page\/nowe-programy-edukacyjne-w-woj-malopolskim-podstepne-wzw-i-znamie-znam-je\/","title":{"rendered":"Nowe programy edukacyjne w wojew\u00f3dztwie ma\u0142opolskim: \u201ePodst\u0119pne WZW\u201d i \u201eZnami\u0119! Znam je?\u201d"},"content":{"rendered":"<p>Od nowego roku szkolnego (2019\/2020) Ma\u0142opolska b\u0119dzie kolejnym wojew\u00f3dztwem kt\u00f3re przyst\u0105pi do realizacji program\u00f3w edukacyjnych: <em>&#8222;Znami\u0119! Znam je?&#8221;<\/em> w zakresie profilaktyki czerniaka oraz <em>&#8222;Podst\u0119pne WZW&#8221; <\/em>w ramach profilaktyki zaka\u017ce\u0144 wirusowym zapaleniem\u00a0w\u0105troby typu B i C.<\/p>\n<p>12 czerwca 2019 r. w Wojew\u00f3dzkiej Stacji Sanitarno-Epidemiologicznej w Krakowie odby\u0142o si\u0119 szkolenie dla powiatowych koordynator\u00f3w ww. program\u00f3w. Wyk\u0142ad <em>,,Skutki zdrowotne promieniowania UV\u201d<\/em> wyg\u0142osi\u0142a dr n. med. Bo\u017cena Cybulska- Stopa, specjalista onkologii klinicznej, kierownik Przychodni Przyklinicznej Centrum Onkologii &#8211; Instytut im. M. Sk\u0142odowskiej-Curie.Pani Barbara Pepke prezes Fundacji Gwiazda Nadziei przedstawi\u0142a za\u0142o\u017cenia programowe obydwu program\u00f3w, om\u00f3wi\u0142a metodyk\u0119.Realizacja program\u00f3w b\u0119dzie przebiega\u0107 w partnerstwie z Fundacj\u0105 \u201eGwiazda Nadziei\u201d, pod honorowym patronatem G\u0142\u00f3wnego Inspektora Sanitarnego, Polskiego Towarzystwa Hepatologicznego oraz patronatem merytorycznym \u201eAkademii Czerniaka\u201d.<\/p>\n<p><!--more--><\/p>\n<p>Zapraszamy wszystkich zainteresowanych realizacj\u0105 programu nauczycieli. Zg\u0142oszenia nale\u017cy kierowa\u0107 \u00a0do w\u0142a\u015bciwej terenowo Powiatowej Stacji Sanitarno-Epidemiologicznej. Dzia\u0142ania programowe opieraj\u0105 si\u0119 o gotow\u0105 metodyk\u0119 i bezp\u0142atne materia\u0142y edukacyjne. Wi\u0119cej informacji nt. program\u00f3w znajd\u0105 Pa\u0144stwo na stronie: www.gwiazdanadziei.pl<\/p>\n<p><img loading=\"lazy\" decoding=\"async\" class=\"alignnone size-full wp-image-4559\" src=\"http:\/\/wsse.krakow.pl\/page\/wp-content\/uploads\/2019\/06\/obraz-2.jpg\" alt=\"\" width=\"960\" height=\"720\" \/><\/p>\n<p><img loading=\"lazy\" decoding=\"async\" class=\"alignnone size-full wp-image-4557\" src=\"http:\/\/wsse.krakow.pl\/page\/wp-content\/uploads\/2019\/06\/orbaz-1.jpeg\" alt=\"\" width=\"1920\" height=\"1080\" \/><\/p>\n<p><img loading=\"lazy\" decoding=\"async\" class=\"alignnone size-full wp-image-4558\" src=\"http:\/\/wsse.krakow.pl\/page\/wp-content\/uploads\/2019\/06\/obraz-3.jpg\" alt=\"\" width=\"960\" height=\"720\" \/><\/p>\n<!-- WP Attachments -->\r\n        <div style=\"width:100%;margin:10px 0 10px 0;\">\r\n            <h3>Pliki do pobrania:<\/h3>\r\n        <ul class=\"post-attachments\"><li class=\"post-attachment mime-application-vnd-openxmlformats-officedocument-wordprocessingml-document\"><a href=\"https:\/\/wsse.krakow.pl\/page\/nowe-programy-edukacyjne-w-woj-malopolskim-podstepne-wzw-i-znamie-znam-je\/?download=4568\">Wykaz PSSE w Ma\u0142opolsce<\/a> <small>(20 kB)<\/small><\/li><\/ul><\/div>","protected":false},"excerpt":{"rendered":"<p>Od nowego roku szkolnego (2019\/2020) Ma\u0142opolska b\u0119dzie kolejnym wojew\u00f3dztwem kt\u00f3re przyst\u0105pi do realizacji program\u00f3w edukacyjnych: &#8222;Znami\u0119! Znam je?&#8221; w zakresie profilaktyki czerniaka oraz &#8222;Podst\u0119pne WZW&#8221; w ramach profilaktyki zaka\u017ce\u0144 wirusowym zapaleniem\u00a0w\u0105troby typu B i C. 12 czerwca 2019 r. w Wojew\u00f3dzkiej Stacji Sanitarno-Epidemiologicznej w Krakowie odby\u0142o si\u0119 szkolenie dla powiatowych koordynator\u00f3w ww. program\u00f3w. Wyk\u0142ad ,,Skutki [&hellip;]<\/p>\n","protected":false},"author":44,"featured_media":0,"comment_status":"closed","ping_status":"closed","sticky":false,"template":"","format":"standard","meta":{"_monsterinsights_skip_tracking":false,"_monsterinsights_sitenote_active":false,"_monsterinsights_sitenote_note":"","_monsterinsights_sitenote_category":0,"footnotes":""},"categories":[1,40,5],"tags":[218,219,217,216,222,220,221],"class_list":["post-4554","post","type-post","status-publish","format-standard","hentry","category-bez-kategorii","category-promocja-zdrowia","category-wsse","tag-czerniak","tag-gwiazdanadziei","tag-hbv","tag-hcv","tag-podstepnewzw","tag-znamie","tag-znamje"],"_links":{"self":[{"href":"https:\/\/wsse.krakow.pl\/page\/wp-json\/wp\/v2\/posts\/4554","targetHints":{"allow":["GET"]}}],"collection":[{"href":"https:\/\/wsse.krakow.pl\/page\/wp-json\/wp\/v2\/posts"}],"about":[{"href":"https:\/\/wsse.krakow.pl\/page\/wp-json\/wp\/v2\/types\/post"}],"author":[{"embeddable":true,"href":"https:\/\/wsse.krakow.pl\/page\/wp-json\/wp\/v2\/users\/44"}],"replies":[{"embeddable":true,"href":"https:\/\/wsse.krakow.pl\/page\/wp-json\/wp\/v2\/comments?post=4554"}],"version-history":[{"count":9,"href":"https:\/\/wsse.krakow.pl\/page\/wp-json\/wp\/v2\/posts\/4554\/revisions"}],"predecessor-version":[{"id":4571,"href":"https:\/\/wsse.krakow.pl\/page\/wp-json\/wp\/v2\/posts\/4554\/revisions\/4571"}],"wp:attachment":[{"href":"https:\/\/wsse.krakow.pl\/page\/wp-json\/wp\/v2\/media?parent=4554"}],"wp:term":[{"taxonomy":"category","embeddable":true,"href":"https:\/\/wsse.krakow.pl\/page\/wp-json\/wp\/v2\/categories?post=4554"},{"taxonomy":"post_tag","embeddable":true,"href":"https:\/\/wsse.krakow.pl\/page\/wp-json\/wp\/v2\/tags?post=4554"}],"curies":[{"name":"wp","href":"https:\/\/api.w.org\/{rel}","templated":true}]}}