{"id":6105,"date":"2020-03-16T14:14:42","date_gmt":"2020-03-16T13:14:42","guid":{"rendered":"https:\/\/wsse.krakow.pl\/page\/?p=6105"},"modified":"2020-03-16T14:27:55","modified_gmt":"2020-03-16T13:27:55","slug":"komunikat-mpwis-z-dnia-15-marca-2020-r-przedstawiajacy-sytuacje-epidemiologiczna-na-terenie-wojewodztwa-malopolskiego-zwiazana-z-koronawirusem-sars-cov-2-wywolujacym-zachorowania-na-covid-19","status":"publish","type":"post","link":"https:\/\/wsse.krakow.pl\/page\/komunikat-mpwis-z-dnia-15-marca-2020-r-przedstawiajacy-sytuacje-epidemiologiczna-na-terenie-wojewodztwa-malopolskiego-zwiazana-z-koronawirusem-sars-cov-2-wywolujacym-zachorowania-na-covid-19\/","title":{"rendered":"Komunikat MPWIS z dnia 15 marca 2020 r., przedstawiaj\u0105cy sytuacj\u0119 epidemiologiczn\u0105 na terenie wojew\u00f3dztwa ma\u0142opolskiego zwi\u0105zan\u0105 z koronawirusem SARS-CoV-2 wywo\u0142uj\u0105cym zachorowania na COVID-19."},"content":{"rendered":"<p><strong><em><img loading=\"lazy\" decoding=\"async\" class=\"wp-image-5634 alignleft\" src=\"https:\/\/wsse.krakow.pl\/page\/wp-content\/uploads\/2020\/01\/exclamation-40026-1.png\" alt=\"\" width=\"184\" height=\"184\" srcset=\"https:\/\/wsse.krakow.pl\/page\/wp-content\/uploads\/2020\/01\/exclamation-40026-1.png 1920w, https:\/\/wsse.krakow.pl\/page\/wp-content\/uploads\/2020\/01\/exclamation-40026-1-300x300.png 300w, https:\/\/wsse.krakow.pl\/page\/wp-content\/uploads\/2020\/01\/exclamation-40026-1-1500x1500.png 1500w, https:\/\/wsse.krakow.pl\/page\/wp-content\/uploads\/2020\/01\/exclamation-40026-1-150x150.png 150w, https:\/\/wsse.krakow.pl\/page\/wp-content\/uploads\/2020\/01\/exclamation-40026-1-768x768.png 768w, https:\/\/wsse.krakow.pl\/page\/wp-content\/uploads\/2020\/01\/exclamation-40026-1-1536x1536.png 1536w\" sizes=\"auto, (max-width: 184px) 100vw, 184px\" \/>Stan aktualny na dzie\u0144 15 marca:<\/em><\/strong><\/p>\n<p>Wojew\u00f3dztwo ma\u0142opolskie:<\/p>\n<ul>\n<li>liczba os\u00f3b aktualnie\u00a0<strong>hospitalizowanych z powodu podejrzenia zaka\u017cenia\u00a0<\/strong>COVID-19:\u00a0<strong>33<\/strong><\/li>\n<li>liczba os\u00f3b aktualnie obj\u0119tych\u00a0<strong>kwarantann\u0105<\/strong>:\u00a0<strong>325<\/strong><\/li>\n<li>liczba os\u00f3b aktualnie obj\u0119tych\u00a0<strong>nadzorem epidemiologicznym<\/strong>:\u00a0<strong>342<\/strong><\/li>\n<li>liczba przypadk\u00f3w\u00a0<strong>potwierdzonych laboratoryjnie z wynikiem dodatnim<\/strong>:\u00a0<strong>1<\/strong><\/li>\n<\/ul>\n","protected":false},"excerpt":{"rendered":"<p>Stan aktualny na dzie\u0144 15 marca: Wojew\u00f3dztwo ma\u0142opolskie: liczba os\u00f3b aktualnie\u00a0hospitalizowanych z powodu podejrzenia zaka\u017cenia\u00a0COVID-19:\u00a033 liczba os\u00f3b aktualnie obj\u0119tych\u00a0kwarantann\u0105:\u00a0325 liczba os\u00f3b aktualnie obj\u0119tych\u00a0nadzorem epidemiologicznym:\u00a0342 liczba przypadk\u00f3w\u00a0potwierdzonych laboratoryjnie z wynikiem dodatnim:\u00a01<\/p>\n","protected":false},"author":45,"featured_media":0,"comment_status":"closed","ping_status":"closed","sticky":false,"template":"","format":"standard","meta":{"_monsterinsights_skip_tracking":false,"_monsterinsights_sitenote_active":false,"_monsterinsights_sitenote_note":"","_monsterinsights_sitenote_category":0,"footnotes":""},"categories":[4,247,5],"tags":[],"class_list":["post-6105","post","type-post","status-publish","format-standard","hentry","category-komunikaty","category-koronawirus","category-wsse"],"_links":{"self":[{"href":"https:\/\/wsse.krakow.pl\/page\/wp-json\/wp\/v2\/posts\/6105","targetHints":{"allow":["GET"]}}],"collection":[{"href":"https:\/\/wsse.krakow.pl\/page\/wp-json\/wp\/v2\/posts"}],"about":[{"href":"https:\/\/wsse.krakow.pl\/page\/wp-json\/wp\/v2\/types\/post"}],"author":[{"embeddable":true,"href":"https:\/\/wsse.krakow.pl\/page\/wp-json\/wp\/v2\/users\/45"}],"replies":[{"embeddable":true,"href":"https:\/\/wsse.krakow.pl\/page\/wp-json\/wp\/v2\/comments?post=6105"}],"version-history":[{"count":3,"href":"https:\/\/wsse.krakow.pl\/page\/wp-json\/wp\/v2\/posts\/6105\/revisions"}],"predecessor-version":[{"id":6107,"href":"https:\/\/wsse.krakow.pl\/page\/wp-json\/wp\/v2\/posts\/6105\/revisions\/6107"}],"wp:attachment":[{"href":"https:\/\/wsse.krakow.pl\/page\/wp-json\/wp\/v2\/media?parent=6105"}],"wp:term":[{"taxonomy":"category","embeddable":true,"href":"https:\/\/wsse.krakow.pl\/page\/wp-json\/wp\/v2\/categories?post=6105"},{"taxonomy":"post_tag","embeddable":true,"href":"https:\/\/wsse.krakow.pl\/page\/wp-json\/wp\/v2\/tags?post=6105"}],"curies":[{"name":"wp","href":"https:\/\/api.w.org\/{rel}","templated":true}]}}