{"id":6109,"date":"2020-03-17T07:39:48","date_gmt":"2020-03-17T06:39:48","guid":{"rendered":"https:\/\/wsse.krakow.pl\/page\/?p=6109"},"modified":"2020-03-17T07:40:34","modified_gmt":"2020-03-17T06:40:34","slug":"komunikat-mpwis-z-dnia-16-marca-2020-r-przedstawiajacy-sytuacje-epidemiologiczna-na-terenie-wojewodztwa-malopolskiego-zwiazana-z-koronawirusem-sars-cov-2-wywolujacym-zachorowania-na-covid-19","status":"publish","type":"post","link":"https:\/\/wsse.krakow.pl\/page\/komunikat-mpwis-z-dnia-16-marca-2020-r-przedstawiajacy-sytuacje-epidemiologiczna-na-terenie-wojewodztwa-malopolskiego-zwiazana-z-koronawirusem-sars-cov-2-wywolujacym-zachorowania-na-covid-19\/","title":{"rendered":"Komunikat MPWIS z dnia 16 marca 2020 r., przedstawiaj\u0105cy sytuacj\u0119 epidemiologiczn\u0105 na terenie wojew\u00f3dztwa ma\u0142opolskiego zwi\u0105zan\u0105 z koronawirusem SARS-CoV-2 wywo\u0142uj\u0105cym zachorowania na COVID-19."},"content":{"rendered":"<p><strong><em><img loading=\"lazy\" decoding=\"async\" class=\"wp-image-5634 alignleft\" src=\"https:\/\/wsse.krakow.pl\/page\/wp-content\/uploads\/2020\/01\/exclamation-40026-1.png\" alt=\"\" width=\"184\" height=\"184\" srcset=\"https:\/\/wsse.krakow.pl\/page\/wp-content\/uploads\/2020\/01\/exclamation-40026-1.png 1920w, https:\/\/wsse.krakow.pl\/page\/wp-content\/uploads\/2020\/01\/exclamation-40026-1-300x300.png 300w, https:\/\/wsse.krakow.pl\/page\/wp-content\/uploads\/2020\/01\/exclamation-40026-1-1500x1500.png 1500w, https:\/\/wsse.krakow.pl\/page\/wp-content\/uploads\/2020\/01\/exclamation-40026-1-150x150.png 150w, https:\/\/wsse.krakow.pl\/page\/wp-content\/uploads\/2020\/01\/exclamation-40026-1-768x768.png 768w, https:\/\/wsse.krakow.pl\/page\/wp-content\/uploads\/2020\/01\/exclamation-40026-1-1536x1536.png 1536w\" sizes=\"auto, (max-width: 184px) 100vw, 184px\" \/><\/em><\/strong><\/p>\n<p><strong><em>Stan aktualny na dzie\u0144 16 marca:<\/em><\/strong><\/p>\n<p>Wojew\u00f3dztwo ma\u0142opolskie:<\/p>\n<ul>\n<li>liczba os\u00f3b aktualnie\u00a0<strong>hospitalizowanych z powodu podejrzenia zaka\u017cenia\u00a0<\/strong>COVID-19:<strong> 16<\/strong><\/li>\n<li>liczba os\u00f3b aktualnie obj\u0119tych\u00a0<strong>kwarantann\u0105<\/strong>:\u00a0<strong>311<\/strong><\/li>\n<li>liczba os\u00f3b aktualnie obj\u0119tych\u00a0<strong>nadzorem epidemiologicznym<\/strong>:\u00a0<strong>490<\/strong><\/li>\n<li>liczba przypadk\u00f3w\u00a0<strong>potwierdzonych laboratoryjnie z wynikiem dodatnim<\/strong>:\u00a0<strong>2<\/strong><\/li>\n<\/ul>\n","protected":false},"excerpt":{"rendered":"<p>Stan aktualny na dzie\u0144 16 marca: Wojew\u00f3dztwo ma\u0142opolskie: liczba os\u00f3b aktualnie\u00a0hospitalizowanych z powodu podejrzenia zaka\u017cenia\u00a0COVID-19: 16 liczba os\u00f3b aktualnie obj\u0119tych\u00a0kwarantann\u0105:\u00a0311 liczba os\u00f3b aktualnie obj\u0119tych\u00a0nadzorem epidemiologicznym:\u00a0490 liczba przypadk\u00f3w\u00a0potwierdzonych laboratoryjnie z wynikiem dodatnim:\u00a02<\/p>\n","protected":false},"author":45,"featured_media":0,"comment_status":"closed","ping_status":"closed","sticky":false,"template":"","format":"standard","meta":{"_monsterinsights_skip_tracking":false,"_monsterinsights_sitenote_active":false,"_monsterinsights_sitenote_note":"","_monsterinsights_sitenote_category":0,"footnotes":""},"categories":[4,247,5],"tags":[],"class_list":["post-6109","post","type-post","status-publish","format-standard","hentry","category-komunikaty","category-koronawirus","category-wsse"],"_links":{"self":[{"href":"https:\/\/wsse.krakow.pl\/page\/wp-json\/wp\/v2\/posts\/6109","targetHints":{"allow":["GET"]}}],"collection":[{"href":"https:\/\/wsse.krakow.pl\/page\/wp-json\/wp\/v2\/posts"}],"about":[{"href":"https:\/\/wsse.krakow.pl\/page\/wp-json\/wp\/v2\/types\/post"}],"author":[{"embeddable":true,"href":"https:\/\/wsse.krakow.pl\/page\/wp-json\/wp\/v2\/users\/45"}],"replies":[{"embeddable":true,"href":"https:\/\/wsse.krakow.pl\/page\/wp-json\/wp\/v2\/comments?post=6109"}],"version-history":[{"count":2,"href":"https:\/\/wsse.krakow.pl\/page\/wp-json\/wp\/v2\/posts\/6109\/revisions"}],"predecessor-version":[{"id":6111,"href":"https:\/\/wsse.krakow.pl\/page\/wp-json\/wp\/v2\/posts\/6109\/revisions\/6111"}],"wp:attachment":[{"href":"https:\/\/wsse.krakow.pl\/page\/wp-json\/wp\/v2\/media?parent=6109"}],"wp:term":[{"taxonomy":"category","embeddable":true,"href":"https:\/\/wsse.krakow.pl\/page\/wp-json\/wp\/v2\/categories?post=6109"},{"taxonomy":"post_tag","embeddable":true,"href":"https:\/\/wsse.krakow.pl\/page\/wp-json\/wp\/v2\/tags?post=6109"}],"curies":[{"name":"wp","href":"https:\/\/api.w.org\/{rel}","templated":true}]}}