{"id":6119,"date":"2020-03-13T09:54:05","date_gmt":"2020-03-13T08:54:05","guid":{"rendered":"https:\/\/wsse.krakow.pl\/page\/?p=6119"},"modified":"2020-05-27T09:19:55","modified_gmt":"2020-05-27T07:19:55","slug":"komunikat-o-zaprzestaniu-przyjmowania-probek-kalu-do-badan","status":"publish","type":"post","link":"https:\/\/wsse.krakow.pl\/page\/komunikat-o-zaprzestaniu-przyjmowania-probek-kalu-do-badan\/","title":{"rendered":"Komunikat o zaprzestaniu przyjmowania pr\u00f3bek ka\u0142u do bada\u0144"},"content":{"rendered":"<div>\n<div><strong><em><img loading=\"lazy\" decoding=\"async\" class=\"wp-image-5634 alignleft\" src=\"https:\/\/wsse.krakow.pl\/page\/wp-content\/uploads\/2020\/01\/exclamation-40026-1.png\" alt=\"\" width=\"192\" height=\"192\" srcset=\"https:\/\/wsse.krakow.pl\/page\/wp-content\/uploads\/2020\/01\/exclamation-40026-1.png 1920w, https:\/\/wsse.krakow.pl\/page\/wp-content\/uploads\/2020\/01\/exclamation-40026-1-300x300.png 300w, https:\/\/wsse.krakow.pl\/page\/wp-content\/uploads\/2020\/01\/exclamation-40026-1-1500x1500.png 1500w, https:\/\/wsse.krakow.pl\/page\/wp-content\/uploads\/2020\/01\/exclamation-40026-1-150x150.png 150w, https:\/\/wsse.krakow.pl\/page\/wp-content\/uploads\/2020\/01\/exclamation-40026-1-768x768.png 768w, https:\/\/wsse.krakow.pl\/page\/wp-content\/uploads\/2020\/01\/exclamation-40026-1-1536x1536.png 1536w\" sizes=\"auto, (max-width: 192px) 100vw, 192px\" \/><\/em>Szanowni Pa\u0144stwo,<\/strong><\/div>\n<div>w zwi\u0105zku z og\u0142oszeniem na obszarze Rzeczpospolitej Polskiej stanu zagro\u017cenia epidemicznego (rozporz\u0105dzenie Ministra Zdrowia z dnia <span id=\"OBJ_PREFIX_DWT48_com_zimbra_date\" class=\"Object\" role=\"link\">13 marca 2020<\/span> r. w sprawie og\u0142oszenia na obszarze Rzeczypospolitej Polskiej stanu zagro\u017cenia epidemicznego (Dz. U. poz. 433)), ze wzgl\u0119du na charakter pracy, kieruj\u0105c si\u0119 dobrem zar\u00f3wno klient\u00f3w\/stron jak i pracownik\u00f3w Wojew\u00f3dzkiej Stacji Sanitarno-Epidemiologicznej w Krakowie, a w <span id=\"OBJ_PREFIX_DWT49_com_zimbra_date\" class=\"Object\" role=\"link\">cz<\/span>\u0119\u015bci odpowiednio r\u00f3wnie\u017c Powiatowych Stacji Sanitarno-Epidemiologicznych w Ma\u0142opolsce, <strong>WSSE w Krakowie zaprzestaje z dniem <\/strong><\/div>\n<div><strong><span id=\"OBJ_PREFIX_DWT50_com_zimbra_date\" class=\"Object\" role=\"link\">18 marca 2020<\/span> r. przyjmowania pr\u00f3bek ka\u0142u do bada\u0144.<\/strong><\/div>\n<\/div>\n","protected":false},"excerpt":{"rendered":"<p>Szanowni Pa\u0144stwo, w zwi\u0105zku z og\u0142oszeniem na obszarze Rzeczpospolitej Polskiej stanu zagro\u017cenia epidemicznego (rozporz\u0105dzenie Ministra Zdrowia z dnia 13 marca 2020 r. w sprawie og\u0142oszenia na obszarze Rzeczypospolitej Polskiej stanu zagro\u017cenia epidemicznego (Dz. U. poz. 433)), ze wzgl\u0119du na charakter pracy, kieruj\u0105c si\u0119 dobrem zar\u00f3wno klient\u00f3w\/stron jak i pracownik\u00f3w Wojew\u00f3dzkiej Stacji Sanitarno-Epidemiologicznej w Krakowie, a [&hellip;]<\/p>\n","protected":false},"author":29,"featured_media":0,"comment_status":"closed","ping_status":"closed","sticky":false,"template":"","format":"standard","meta":{"_monsterinsights_skip_tracking":false,"_monsterinsights_sitenote_active":false,"_monsterinsights_sitenote_note":"","_monsterinsights_sitenote_category":0,"footnotes":""},"categories":[1,4,5],"tags":[],"class_list":["post-6119","post","type-post","status-publish","format-standard","hentry","category-bez-kategorii","category-komunikaty","category-wsse"],"_links":{"self":[{"href":"https:\/\/wsse.krakow.pl\/page\/wp-json\/wp\/v2\/posts\/6119","targetHints":{"allow":["GET"]}}],"collection":[{"href":"https:\/\/wsse.krakow.pl\/page\/wp-json\/wp\/v2\/posts"}],"about":[{"href":"https:\/\/wsse.krakow.pl\/page\/wp-json\/wp\/v2\/types\/post"}],"author":[{"embeddable":true,"href":"https:\/\/wsse.krakow.pl\/page\/wp-json\/wp\/v2\/users\/29"}],"replies":[{"embeddable":true,"href":"https:\/\/wsse.krakow.pl\/page\/wp-json\/wp\/v2\/comments?post=6119"}],"version-history":[{"count":5,"href":"https:\/\/wsse.krakow.pl\/page\/wp-json\/wp\/v2\/posts\/6119\/revisions"}],"predecessor-version":[{"id":8174,"href":"https:\/\/wsse.krakow.pl\/page\/wp-json\/wp\/v2\/posts\/6119\/revisions\/8174"}],"wp:attachment":[{"href":"https:\/\/wsse.krakow.pl\/page\/wp-json\/wp\/v2\/media?parent=6119"}],"wp:term":[{"taxonomy":"category","embeddable":true,"href":"https:\/\/wsse.krakow.pl\/page\/wp-json\/wp\/v2\/categories?post=6119"},{"taxonomy":"post_tag","embeddable":true,"href":"https:\/\/wsse.krakow.pl\/page\/wp-json\/wp\/v2\/tags?post=6119"}],"curies":[{"name":"wp","href":"https:\/\/api.w.org\/{rel}","templated":true}]}}