{"id":6745,"date":"2020-04-22T08:39:24","date_gmt":"2020-04-22T06:39:24","guid":{"rendered":"https:\/\/wsse.krakow.pl\/page\/?p=6745"},"modified":"2020-04-22T08:41:22","modified_gmt":"2020-04-22T06:41:22","slug":"aplikacja-protego-safe","status":"publish","type":"post","link":"https:\/\/wsse.krakow.pl\/page\/aplikacja-protego-safe\/","title":{"rendered":"Aplikacja ProteGO Safe"},"content":{"rendered":"<p><img decoding=\"async\" src=\"https:\/\/gis.gov.pl\/wp-content\/uploads\/2020\/04\/cover-protego-1140x520.jpg\" \/><\/p>\n<p>Maj\u0105c na uwadze, i\u017c:<\/p>\n<ul>\n<li>koronawirus SARS-CoV-2 przenosi si\u0119 drog\u0105 kropelkow\u0105 (RNA wirusa wykrywano w \u015blinie, pr\u00f3bkach z noso-gardzieli, krwi pe\u0142nej , surowicy, kale i moczu),<\/li>\n<li>okres inkubacji trwa najcz\u0119\u015bciej 5\u20136 dni (1\u201314 dni). W jednym z bada\u0144 wykazano, \u017ce u 97,5% os\u00f3b z zaka\u017ceniem SARS-CoV-2 objawy kompatybilne z COVID-19 pojawiaj\u0105 si\u0119 w ci\u0105gu 11,5 dnia,<\/li>\n<li>istotnym czynnikiem ograniczaj\u0105cym ryzyko przeniesienia\/zaka\u017cenia SARS-CoV-2 jest odpowiednia profilaktyka, w tym zachowanie bezpiecznej odleg\u0142o\u015bci, unikanie zgromadze\u0144,<\/li>\n<li>do zada\u0144 Pa\u0144stwowej Inspekcji Sanitarnej nale\u017cy prowadzenie dzia\u0142alno\u015bci zapobiegawczej i\u00a0przeciwepidemicznej w zakresie chor\u00f3b zaka\u017anych,<\/li>\n<\/ul>\n<p>G\u0142\u00f3wny Inspektor Sanitarny dzia\u0142aj\u0105c na podstawie art. 8a ust. 5 pkt 2 ustawy z dnia 14 marca 1985 r. o Pa\u0144stwowej Inspekcji Sanitarnej (Dz.U. z 2019 r, poz. 59 ze zm.) zaleca stosowanie aplikacji ProteGO Safe. Aplikacja ProteGO Safe. pozwoli kontrolowa\u0107 i zahamowa\u0107 rozprzestrzenianie si\u0119 koronawirusa SARS-CoV-2 i choroby COVID 19.<\/p>\n<p><!--more--><\/p>\n<p>\u201eAplikacja ProteGO pozwala u\u017cytkownikowi:<\/p>\n<ol>\n<li>monitorowa\u0107 stan\u00a0swojego\u00a0zdrowia poprzez wype\u0142nianie Testu Oceny Ryzyka;<\/li>\n<li>uzupe\u0142nia\u0107 Dziennik Zdrowia, w formacie umo\u017cliwiaj\u0105cym wygodne udost\u0119pnianie wynik\u00f3w personelowi medycznemu podczas badania;<\/li>\n<li>otrzymywa\u0107 spersonalizowane rekomendacje\u00a0odno\u015bnie\u00a0dalszego\u00a0post\u0119powania, w oparciu o\u00a0odpowiedzi udzielone\u00a0podczas wype\u0142niania Testu Oceny Ryzyka;<\/li>\n<li>otrzymywa\u0107 powiadomienia zach\u0119caj\u0105ce do regularnego wype\u0142niania Ankiety Oceny Ryzyka oraz innych zachowa\u0144 profilaktycznych.\u201d<\/li>\n<\/ol>\n<p>Aplikacja dost\u0119pna jest do pobrana pod adresem:<\/p>\n<p><a href=\"https:\/\/play.google.com\/store\/apps\/details?id=pl.gov.mc.protegosafe\">https:\/\/play.google.com\/store\/apps\/details?id=pl.gov.mc.protegosafe<\/a><\/p>\n<p>Polityka prywatno\u015bci i klauzula informacyjna dost\u0119pna jest pod adresem:<\/p>\n<p><a href=\"https:\/\/govtech.gov.pl\/protegosafe\/\">https:\/\/govtech.gov.pl\/protegosafe\/<\/a><\/p>\n<hr \/>\n<p style=\"text-align: center;\"><strong>POLITYKA PRYWATNO\u015aCI<\/strong><\/p>\n<p style=\"text-align: center;\"><strong>ProteGO Safe<\/strong><\/p>\n<p style=\"text-align: center;\"><strong>Najistotniejsze informacje dotycz\u0105ce Twojej prywatno\u015bci<\/strong><\/p>\n<p>Przygotowali\u015bmy ten dokument, aby poinformowa\u0107 Ci\u0119 jak przetwarzamy informacje i dane w ProteGO Safe, a tak\u017ce jakie prawa Ci przys\u0142uguj\u0105. Poni\u017cej znajdziesz kluczowe informacje zwi\u0105zane z przetwarzaniem danych i informacji w ramach naszej Aplikacji.<\/p>\n<p>Zaprojektowali\u015bmy ProteGO Safe zgodnie z zasadami Privacy by Default oraz Privacy by Design. Oznacza to, \u017ce domy\u015blnie stosujemy ochron\u0119 Twojej prywatno\u015bci i starali\u015bmy si\u0119 ograniczy\u0107 przetwarzanie Twoich danych ju\u017c na etapie projektowania i tworzenia aplikacji ProteGO Safe. Staramy si\u0119 nie pozyskiwa\u0107 od Ciebie informacji, kt\u00f3re umo\u017cliwi\u0105 Twoj\u0105 identyfikacj\u0119 (tj. danych osobowych), ale mo\u017ce si\u0119 zdarzy\u0107 tak, \u017ce podczas korzystania z Aplikacji podasz nam tyle informacji, \u017ce b\u0119dziemy w stanie Ci\u0119 zidentyfikowa\u0107 (nawet po\u015brednio) \u2013 oznacza to, \u017ce b\u0119dziemy administratorem Twoich danych.<\/p>\n<p><u>Przetwarzane dane osobowe nie s\u0105 udost\u0119pniane nikomu w formie, kt\u00f3ra pozwala\u0142aby na identyfikacj\u0119 Ciebie.<\/u><\/p>\n<p>Nie b\u0119dziemy mieli dost\u0119pu do informacji i danych osobowych, kt\u00f3re wprowadzisz do aplikacji ProteGO Safe. Nie b\u0119dziemy podejmowali aktywnych dzia\u0142a\u0144, aby Ci\u0119 zidentyfikowa\u0107. Nie b\u0119dziemy tak\u017ce analizowali jak korzystasz z ProteGO Safe.<\/p>\n<p>Informacje wprowadzone do ProteGO Safe zwi\u0105zane z samoocen\u0105 ryzyka infekcji wirusem SARS-CoV-2 b\u0119d\u0105 w spos\u00f3b zanonimizowany przes\u0142ane do Infermedica. Infermedica tak\u017ce nie b\u0119dzie mia\u0142a mo\u017cliwo\u015bci zidentyfikowania Ci\u0119.<\/p>\n<p style=\"text-align: center;\"><strong><b>\u00a7\u00a0<\/b>1.<br \/>\n<\/strong><strong>Postanowienia og\u00f3lne<\/strong><\/p>\n<ol>\n<li>Niniejsza Polityka Prywatno\u015bci okre\u015bla zasady zbierania, przetwarzania i ochrony Danych Osobowych w zwi\u0105zku z korzystaniem z aplikacji ProteGO Safe.<\/li>\n<li>Niniejszy dokument jest przygotowany w oparciu o postanowienia Rozporz\u0105dzenia Parlamentu Europejskiego i Rady (UE) 2016\/679 z dnia 27 kwietnia 2016 r. w sprawie ochrony os\u00f3b fizycznych w zwi\u0105zku z przetwarzaniem Danych Osobowych i w sprawie swobodnego przep\u0142ywu takich danych oraz uchylenia dyrektywy 95\/46\/WE (og\u00f3lne rozporz\u0105dzenie o ochronie danych), ustawy z dnia 10 maja 2018 r. o ochronie Danych Osobowych (Dz.U. z 2018 r. poz. 1000) oraz innych przepis\u00f3w powszechnie obowi\u0105zuj\u0105cych.<\/li>\n<li>Administratorem Danych U\u017cytkownik\u00f3w jest G\u0142\u00f3wny Inspektor Sanitarny z siedzib\u0105 w Warszawie, ul. Targowa 65, 03\u2013729 Warszawa.<\/li>\n<li>W razie og\u00f3lnych pyta\u0144 dotycz\u0105cych prywatno\u015bci, a tak\u017ce pyta\u0144 dotycz\u0105cych niniejszej Polityki prywatno\u015bci lub wykorzystania Danych Osobowych zach\u0119camy do kontaktu pod adresem:\u00a0<u><a href=\"mailto:protego@mc.gov.pl\">protego@mc.gov.p<\/a><\/u>l\u00a0 lub\u00a0\u00a0<u><a href=\"mailto:iod@gis.gov.pl\">iod@gis.gov.pl<\/a><\/u>.<\/li>\n<li>Administrator Danych powo\u0142a\u0142 inspektora ochrony danych. Z inspektorem ochrony danych mo\u017cna kontaktowa\u0107 si\u0119 we wszystkich sprawach dotycz\u0105cych przetwarzania danych osobowych przez Administratora Danych oraz korzystania z praw zwi\u0105zanych z przetwarzaniem tych danych. Inspektorem Ochrony Danych jest Renata W\u0105grodzka z kt\u00f3r\u0105 mo\u017cesz skontaktowa\u0107 si\u0119 za po\u015brednictwem adresu e-mail: iod@gis.gov.pl.<\/li>\n<li>Administrator Danych zapewnia, i\u017c dok\u0142ada wszelkich stara\u0144, by Przetwarzanie przez niego Danych Osobowych odbywa\u0142o si\u0119 z najwi\u0119kszym poszanowaniem prywatno\u015bci os\u00f3b, kt\u00f3rych dane dotycz\u0105 oraz z najwy\u017csz\u0105 dba\u0142o\u015bci\u0105 o bezpiecze\u0144stwo przetwarzanych Danych Osobowych, a w szczeg\u00f3lno\u015bci zapewnia, i\u017c podj\u0105\u0142 wszelkie przewidziane prawem \u015brodki zmierzaj\u0105ce do zabezpieczenia zbior\u00f3w Danych Osobowych.<\/li>\n<li>Administrator Danych o\u015bwiadcza, i\u017c stosuje \u015brodki techniczne i organizacyjne zapewniaj\u0105ce ochron\u0119 przetwarzanych Danych Osobowych odpowiedni\u0105 do zagro\u017ce\u0144 oraz kategorii danych obj\u0119tych ochron\u0105, a w szczeg\u00f3lno\u015bci zabezpiecza dane przed ich udost\u0119pnieniem osobom nieupowa\u017cnionym, zabraniem przez osob\u0119 nieuprawnion\u0105, przetwarzaniem z naruszeniem prawa oraz zmian\u0105, utrat\u0105, uszkodzeniem lub zniszczeniem.<\/li>\n<\/ol>\n<p style=\"text-align: center;\"><strong><b>\u00a7\u00a0<\/b>2.<br \/>\n<\/strong><strong>Definicje<\/strong><\/p>\n<p>\u00a0 \u00a0 \u00a0 \u00a0 \u00a0 Ilekro\u0107 w Polityce Prywatno\u015bci mowa o:<\/p>\n<ol>\n<li><strong>Administratorze<\/strong>\u00a0<strong>Danych<\/strong>\u00a0\u2013 rozumie si\u0119 przez to G\u0142\u00f3wnego Inspektora Sanitarnego z siedzib\u0105 w Warszawie, ul. Targowa 65, 03\u2013729 Warszawa. Administrator Danych samodzielnie ustala cele i sposoby przetwarzania Danych Osobowych.<\/li>\n<li><strong>Danych Osobowych<\/strong>\u00a0\u2013 rozumie si\u0119 przez to podstawowe dane o U\u017cytkowniku, tj. nazwa U\u017cytkownika oraz inne dane podawane podczas korzystania z ProteGO Safe i okre\u015blone w niniejszej Polityce Prywatno\u015bci, dzi\u0119ki kt\u00f3rym mo\u017cliwe jest okre\u015blenie to\u017csamo\u015bci w spos\u00f3b bezpo\u015bredni lub po\u015bredni;<\/li>\n<li><strong>ProteGO Safe lub Aplikacja<\/strong>\u00a0\u2013 rozumie si\u0119 przez to aplikacj\u0119 ProteGO Safe, kt\u00f3ra umo\u017cliwia tria\u017c (samoocen\u0119 ryzyka infekcji wirusem SARS-CoV-2, stworzon\u0105 na podstawie kwestionariusza WHO), dziennik zdrowia U\u017cytkownika, wsparcie w profilaktyce i zapobieganiu zara\u017ceniem, wczesne ostrzeganie U\u017cytkownika potencjalnie zagro\u017conego zara\u017ceniem, informowanie o istotnych informacjach zwi\u0105zanych z pandemi\u0105 wirusa SARS-CoV-2 oraz przypominacz bezpiecznych zachowa\u0144 i nawyk\u00f3w codziennej higieny;<\/li>\n<li><strong>Przetwarzaniu\u00a0<\/strong>\u2013 rozumie si\u0119 przez to operacj\u0119 lub zestaw operacji wykonywanych na Danych Osobowych lub zestawach Danych Osobowych w spos\u00f3b zautomatyzowany lub niezautomatyzowany, tak\u0105 jak zbieranie, utrwalanie, organizowanie, porz\u0105dkowanie, przechowywanie, adaptowanie lub modyfikowanie, pobieranie, przegl\u0105danie, wykorzystywanie, ujawnianie poprzez przes\u0142anie, rozpowszechnianie lub innego rodzaju udost\u0119pnianie, dopasowywanie lub \u0142\u0105czenie, ograniczanie, usuwanie lub niszczenie;<\/li>\n<li><strong>Regulaminie<\/strong>\u00a0\u2013 rozumie si\u0119 przez to dokument, kt\u00f3ry okre\u015bla warunki korzystania z ProteGO Safe, a tak\u017ce prawa i obowi\u0105zki Administratora Danych oraz U\u017cytkownik\u00f3w;<\/li>\n<li><strong>RODO<\/strong>\u00a0\u2013 rozumie si\u0119 przez to Rozporz\u0105dzenia Parlamentu Europejskiego i Rady (UE) 2016\/679 z dnia 27 kwietnia 2016 r. w sprawie ochrony os\u00f3b fizycznych w zwi\u0105zku z przetwarzaniem Danych Osobowych i w sprawie swobodnego przep\u0142ywu takich danych oraz uchylenia dyrektywy 95\/46\/WE (og\u00f3lne rozporz\u0105dzenie o ochronie danych);<\/li>\n<li><strong>Urz\u0105dzeniu<\/strong>\u00a0\u2013 rozumie si\u0119 przez to elektroniczne Urz\u0105dzenie za po\u015brednictwem, kt\u00f3rego U\u017cytkownik uzyskuje dost\u0119p do ProteGO Safe (tablet, smartphone itp.) z systemem Android 6.0 lub wy\u017cszym z dost\u0119pem do sklepu Google Play albo z systemem iOS w wersji nie ni\u017cszej ni\u017c 10.3 z dost\u0119pem do sklepu AppStore;<\/li>\n<li><strong>U\u017cytkowniku<\/strong>\u00a0\u2013 rozumie si\u0119 przez to osob\u0119 (Ciebie), kt\u00f3ra zgodnie z Regulaminem i przepisami prawa korzysta z ProteGO Safe;<\/li>\n<li><strong>WHO<\/strong>\u00a0\u2013 rozumie si\u0119 przez to \u015awiatow\u0105 Organizacj\u0119 Zdrowia (World Health Organisation);<\/li>\n<\/ol>\n<p style=\"text-align: center;\"><strong><b>\u00a7\u00a0<\/b>3.<br \/>\n<\/strong><strong>Og\u00f3lne zasady Przetwarzania Danych Osobowych<\/strong><\/p>\n<ol>\n<li>Dane Osobowe przetwarzane s\u0105 wy\u0142\u0105cznie w nast\u0119puj\u0105cych celach:<br \/>\na) przeciwdzia\u0142ania pandemii wirusa SARS-CoV-2;<br \/>\nb) profilowanie w celu przeciwdzia\u0142ania pandemii wirusa SARS-CoV-2<br \/>\nc)\u00a0korzystania przez U\u017cytkownika z Aplikacji zgodnie z Regulaminem;<br \/>\nd) analiza, organizowanie i ulepszanie ProteGO Safe.<\/li>\n<li>Dane Osobowe os\u00f3b, kt\u00f3rych dane dotycz\u0105, s\u0105 przetwarzane na podstawie\u00a0<strong>6 ust. 1 lit. c RODO<\/strong>\u00a0w zw. z zadaniem publicznym polegaj\u0105cym na zapobieganiu, przeciwdzia\u0142aniu i zwalczaniu COVID-19 wynikaj\u0105cym z art. 1, 2, 3, 6 oraz 8a ust. 1, 4 i 5 ustawy z dnia 14 marca 1985 r o Pa\u0144stwowej Inspekcji Sanitarnej (Dz.U. z 2019 r. poz. 59).<\/li>\n<li>Dane Osobowe dotycz\u0105ce stanu zdrowia U\u017cytkownika s\u0105 przetwarzane tak\u017ce na podstawie\u00a0<strong>9 ust. 2 lit. i RODO\u00a0<\/strong>w zw. z zadaniem publicznym polegaj\u0105cym na zapobieganiu, przeciwdzia\u0142aniu i zwalczaniu COVID-19 wynikaj\u0105cym z art. 1, 2, 3, 6 oraz 8a ust. 1, 4 i 5 ustawy z dnia 14 marca 1985 r o Pa\u0144stwowej Inspekcji Sanitarnej (Dz.U. z 2019 r. poz. 59), gdy\u017c przetwarzanie jest niezb\u0119dne ze wzgl\u0119d\u00f3w zwi\u0105zanych z interesem publicznym w dziedzinie zdrowia publicznego, takich jak ochrona przed powa\u017cnymi transgranicznymi zagro\u017ceniami zdrowotnymi na podstawie prawa pa\u0144stwa cz\u0142onkowskiego. Przetwarzanie danych dotycz\u0105cych stanu zdrowia jest konieczne do korzystania z pe\u0142nych funkcjonalno\u015bci ProteGO Safe Safe (w tym samooceny ryzyka infekcji wirusem SARS-CoV-2, stworzonej na podstawie kwestionariusza WHO).<\/li>\n<li>Administrator danych przestrzega nast\u0119puj\u0105cych zasad Przetwarzania Danych Osobowych:<br \/>\na)\u00a0wdra\u017ca odpowiednie \u015brodki techniczne i organizacyjne, aby przetwarzanie odbywa\u0142o si\u0119 zgodnie z przepisami o ochronie Danych Osobowych i aby m\u00f3c to wykaza\u0107;<br \/>\nb)\u00a0utrwala zbierane Dane Osobowe wy\u0142\u0105cznie na takich no\u015bnikach informacji, kt\u00f3re s\u0105 zabezpieczone przed dost\u0119pem os\u00f3b trzecich;<br \/>\nc)\u00a0wykonuje nadz\u00f3r nad bezpiecze\u0144stwem danych przez ca\u0142y okres ich posiadania w spos\u00f3b zapewniaj\u0105cy w szczeg\u00f3lno\u015bci ochron\u0119 przed dost\u0119pem os\u00f3b nieuprawnionych, uszkodzeniem, zniszczeniem lub utrat\u0105;<br \/>\nd)\u00a0przekazuje dane uprawnionym podmiotom wy\u0142\u0105cznie na podstawie obowi\u0105zuj\u0105cych przepis\u00f3w prawa;<br \/>\ne)\u00a0zachowuje poufno\u015b\u0107 Danych Osobowych;<br \/>\nf)\u00a0zapewnia osobom, kt\u00f3rych dane dotycz\u0105, realizacj\u0119 ich praw wynikaj\u0105cych z przepis\u00f3w prawa.<\/li>\n<li>Administrator danych mo\u017ce przetwarza\u0107 nast\u0119puj\u0105ce Dane Osobowe (kategorie Danych Osobowych): identyfikator Urz\u0105dzenia U\u017cytkownika, nazwa U\u017cytkownika (imi\u0119), dane dotycz\u0105ce zdrowia, p\u0142e\u0107, wiek, dane dotycz\u0105ce palenia papieros\u00f3w i inne, kt\u00f3re U\u017cytkownik zdecyduje si\u0119 dobrowolnie wprowadzi\u0107 do funkcjonalno\u015bci Dziennik Zdrowia w ProteGO Safe.<\/li>\n<li>Podanie Danych Osobowych, o kt\u00f3rych mowa w ust. 5 niniejszego paragrafu, jest dobrowolne, lecz mo\u017ce warunkowa\u0107 korzystanie z pe\u0142nych funkcjonalno\u015bci ProteGO Safe.<\/li>\n<li>Ponadto przetwarzane b\u0119d\u0105 wszelkie Dane Osobowe dobrowolnie przekazane przez U\u017cytkownika w zwi\u0105zku z jak\u0105kolwiek form\u0105 kontaktu z Administratorem.<\/li>\n<li>Odbiorcami zanonimizowanych danych i informacji z ProteGO Safe mog\u0105 by\u0107:<br \/>\n1)\u00a0podmioty, kt\u00f3re wsp\u00f3\u0142pracuj\u0105 z Administratorem danych w celu rozwoju i utrzymania ProteGO Safe:<br \/>\na)\u00a0Minister Cyfryzacji z siedzib\u0105 w Warszawie, ul. Kr\u00f3lewska 27, 00\u200a\u2013\u200a060 Warszawa, e-mail:\u00a0<u><a href=\"mailto:mc@mc.gov.pl\">mc@mc.gov.pl<\/a><\/u>\u00a0(Administrator Systemu);<br \/>\nb)\u00a0TYTANI24 Sp\u00f3\u0142ka z ograniczon\u0105 odpowiedzialno\u015bci\u0105 z siedzib\u0105 we Wroc\u0142awiu, ul. Z\u0105bkowicka 55, 50 \u2013 511 Wroc\u0142aw (adres biura: ul. Ko\u015bcierzy\u0144ska 32A, Wroc\u0142aw, 51 \u2013 410), wpisana do rejestru przedsi\u0119biorc\u00f3w Krajowego Rejestru S\u0105dowego prowadzonego przez S\u0105d Rejonowy we Wroc\u0142awiu, VI Wydzia\u0142 Gospodarczy Krajowego Rejestru S\u0105dowego, pod numerem KRS 0000725465, REGON 369879064, NIP 8992843182, o kapitale zak\u0142adowym op\u0142aconym w ca\u0142o\u015bci w wysoko\u015bci 20 000,00 z\u0142;<br \/>\n2) Podmiot, kt\u00f3ry dostarcza narz\u0119dzie umo\u017cliwiaj\u0105ce samoocen\u0119\u00a0ryzyka zara\u017cenia COVID-19: Infermedica Sp. z o.o. z siedzib\u0105 we Wroc\u0142awiu, Plac Solny 14\/3, 50-062 Wroc\u0142aw, wpisana do rejestru przedsi\u0119biorc\u00f3w Krajowego Rejestru S\u0105dowego prowadzonego przez S\u0105d Rejonowy we Wroc\u0142awiu, VI Wydzia\u0142 Gospodarczy Krajowego Rejestru S\u0105dowego, pod numerem KRS 0000429183, REGON 021889810, NIP 8971782877 (polityka prywatno\u015bci Infermedica:\u00a0<u><a href=\"https:\/\/infermedica.com\/privacy-policy\">https:\/\/infermedica.com\/privacy-policy<\/a><\/u>, informacje o Us\u0142udze Tria\u017cu:\u00a0<u><a href=\"https:\/\/developer.infermedica.com\/docs\/covid-19#triage\">https:\/\/developer.infermedica.com\/docs\/covid-19#triage<\/a><\/u>);<br \/>\n3) Podmiot dostarczaj\u0105cy infrastruktur\u0119 umo\u017cliwiaj\u0105c\u0105 pobranie i aktualizowanie ProteGO Safe: Google Ireland Limited, Gordon House, Barrow Street, Dublin 4, Irlandia VAT IE6388047V (us\u0142uga Google Firebase \u2013\u00a0<u><a href=\"https:\/\/firebase.google.com\/support\/privacy\">https:\/\/firebase.google.com\/support\/privacy<\/a><\/u>).<br \/>\n4) Podmiot dostarczaj\u0105cy w przysz\u0142o\u015bci dodatkowe funkcjonalno\u015bci: Centrum System\u00f3w Informacyjnych Ochrony Zdrowia z siedzib\u0105 w Warszawie, ul. Stanis\u0142awa Dubois 5a, 00-184 Warszawa, e-mail:\u00a0<u><a href=\"mailto:biuro@csioz.gov.pl\">biuro@csioz.gov.pl<\/a><\/u>;<br \/>\n5) Minister Zdrowia z siedzib\u0105 w Warszawie, ul. Miodowa 15. 00-952 Warszawa, NIP 5251918554, Regon 000287987.<\/li>\n<li>Przetwarzane Dane Osobowe nie s\u0105 udost\u0119pniane Odbiorcom Danych w formie, kt\u00f3ra pozwala\u0142aby na identyfikacj\u0119.<\/li>\n<li>Dane Osobowe b\u0119d\u0105 przechowywane nie d\u0142u\u017cej ni\u017c trwa korzystanie z ProteGO Safe, a tak\u017ce nie d\u0142u\u017cej ni\u017c jest to wymagane przepisami prawa i nie d\u0142u\u017cej ni\u017c jest to niezb\u0119dne do osi\u0105gni\u0119cia celu przetwarzania. Po zaprzestaniu korzystania z ProteGO Safe Dane Osobowe zostan\u0105 usuni\u0119te wraz z Aplikacj\u0105.<\/li>\n<li>Dane Osobowe nie b\u0119d\u0105 przekazywane poza Europejski Obszar Gospodarczy.<\/li>\n<li>Dane Osobowe nie b\u0119d\u0105 poddawane profilowaniu. Administrator nie podejmuje wzgl\u0119dem U\u017cytkownika decyzji w spos\u00f3b zautomatyzowany.<\/li>\n<\/ol>\n<p style=\"text-align: center;\"><b>\u00a7\u00a0<\/b><strong>4.<br \/>\n<\/strong><strong>Prawa U\u017cytkownik\u00f3w<\/strong><strong><br \/>\n<\/strong><\/p>\n<ol>\n<li>Osobom, kt\u00f3rych dane dotycz\u0105, przys\u0142uguje:<br \/>\na)\u00a0na podstawie art. 15 RODO prawo dost\u0119pu do Danych Osobowych;<br \/>\nb)\u00a0na podstawie art. 16 RODO prawo do sprostowania Danych Osobowych;<br \/>\nc)\u00a0na podstawie art. 17 RODO prawo do usuni\u0119cia Danych Osobowych;<br \/>\nd)\u00a0na podstawie art. 18 RODO prawo \u017c\u0105dania od Administratora ograniczenia Przetwarzania Danych Osobowych z zastrze\u017ceniem przypadk\u00f3w, o kt\u00f3rych mowa w art. 18 ust. 2 RODO;<br \/>\ne)\u00a0prawo do przenoszenia Danych Osobowych, o kt\u00f3rym mowa w art. 20 RODO;<br \/>\nf)\u00a0na podstawie art. 21 RODO prawo sprzeciwu wobec Przetwarzania Danych Osobowych.<\/li>\n<li>W celu realizacji praw wskazanych w ust. 1, nale\u017cy skorzysta\u0107 z odpowiednich funkcjonalno\u015bci ProteGO Safe.<\/li>\n<li>Osoba, kt\u00f3rej dane dotycz\u0105, ma prawo wniesienia skargi do Prezesa Urz\u0119du Ochrony Danych Osobowych, je\u017celi uzna, \u017ce Przetwarzanie jego Danych Osobowych narusza przepisy RODO lub powszechnie obowi\u0105zuj\u0105ce przepisy.<\/li>\n<\/ol>\n<p style=\"text-align: center;\"><b>\u00a7\u00a0<\/b><strong>5.<br \/>\n<\/strong><strong>Postanowienia ko\u0144cowe<\/strong><strong><br \/>\n<\/strong><\/p>\n<ol>\n<li>W ProteGO Safe mog\u0105 pojawia\u0107 si\u0119 linki do innych stron internetowych. Takie strony internetowe dzia\u0142aj\u0105 niezale\u017cnie od Administratora i nie s\u0105 w \u017caden spos\u00f3b przez niego nadzorowane. Strony te mog\u0105 posiada\u0107 w\u0142asne polityki prywatno\u015bci oraz regulaminy, z kt\u00f3rymi zalecamy si\u0119 zapozna\u0107.<\/li>\n<li>Administrator zastrzega sobie prawo zmiany Polityki Prywatno\u015bci poprzez opublikowanie nowej Polityki Prywatno\u015bci na stronie ProteGO Safe.<\/li>\n<li>O wszelkich zmianach Polityki Prywatno\u015bci Administrator b\u0119dzie informowa\u0107 z wyprzedzeniem.<\/li>\n<\/ol>\n<p>\u0179r\u00f3d\u0142o: www.gis.gov.pl<\/p>\n","protected":false},"excerpt":{"rendered":"<p>Maj\u0105c na uwadze, i\u017c: koronawirus SARS-CoV-2 przenosi si\u0119 drog\u0105 kropelkow\u0105 (RNA wirusa wykrywano w \u015blinie, pr\u00f3bkach z noso-gardzieli, krwi pe\u0142nej , surowicy, kale i moczu), okres inkubacji trwa najcz\u0119\u015bciej 5\u20136 dni (1\u201314 dni). W jednym z bada\u0144 wykazano, \u017ce u 97,5% os\u00f3b z zaka\u017ceniem SARS-CoV-2 objawy kompatybilne z COVID-19 pojawiaj\u0105 si\u0119 w ci\u0105gu 11,5 dnia, [&hellip;]<\/p>\n","protected":false},"author":45,"featured_media":0,"comment_status":"closed","ping_status":"closed","sticky":false,"template":"","format":"standard","meta":{"_monsterinsights_skip_tracking":false,"_monsterinsights_sitenote_active":false,"_monsterinsights_sitenote_note":"","_monsterinsights_sitenote_category":0,"footnotes":""},"categories":[247,5],"tags":[],"class_list":["post-6745","post","type-post","status-publish","format-standard","hentry","category-koronawirus","category-wsse"],"_links":{"self":[{"href":"https:\/\/wsse.krakow.pl\/page\/wp-json\/wp\/v2\/posts\/6745","targetHints":{"allow":["GET"]}}],"collection":[{"href":"https:\/\/wsse.krakow.pl\/page\/wp-json\/wp\/v2\/posts"}],"about":[{"href":"https:\/\/wsse.krakow.pl\/page\/wp-json\/wp\/v2\/types\/post"}],"author":[{"embeddable":true,"href":"https:\/\/wsse.krakow.pl\/page\/wp-json\/wp\/v2\/users\/45"}],"replies":[{"embeddable":true,"href":"https:\/\/wsse.krakow.pl\/page\/wp-json\/wp\/v2\/comments?post=6745"}],"version-history":[{"count":4,"href":"https:\/\/wsse.krakow.pl\/page\/wp-json\/wp\/v2\/posts\/6745\/revisions"}],"predecessor-version":[{"id":6749,"href":"https:\/\/wsse.krakow.pl\/page\/wp-json\/wp\/v2\/posts\/6745\/revisions\/6749"}],"wp:attachment":[{"href":"https:\/\/wsse.krakow.pl\/page\/wp-json\/wp\/v2\/media?parent=6745"}],"wp:term":[{"taxonomy":"category","embeddable":true,"href":"https:\/\/wsse.krakow.pl\/page\/wp-json\/wp\/v2\/categories?post=6745"},{"taxonomy":"post_tag","embeddable":true,"href":"https:\/\/wsse.krakow.pl\/page\/wp-json\/wp\/v2\/tags?post=6745"}],"curies":[{"name":"wp","href":"https:\/\/api.w.org\/{rel}","templated":true}]}}