{"id":6839,"date":"2020-04-28T08:53:32","date_gmt":"2020-04-28T06:53:32","guid":{"rendered":"https:\/\/wsse.krakow.pl\/page\/?p=6839"},"modified":"2020-04-29T08:54:33","modified_gmt":"2020-04-29T06:54:33","slug":"komunikat-dotyczacy-wydluzenia-uprawnien-inspektora-ochrony-radiologicznej-w-zwiazku-z-epidemia-koronawirusa-sars-cov-2","status":"publish","type":"post","link":"https:\/\/wsse.krakow.pl\/page\/komunikat-dotyczacy-wydluzenia-uprawnien-inspektora-ochrony-radiologicznej-w-zwiazku-z-epidemia-koronawirusa-sars-cov-2\/","title":{"rendered":"Komunikat dotycz\u0105cy wyd\u0142u\u017cenia uprawnie\u0144 inspektora ochrony radiologicznej w zwi\u0105zku z epidemi\u0105 koronawirusa SARS-CoV-2"},"content":{"rendered":"<p><img decoding=\"async\" src=\"https:\/\/gis.gov.pl\/wp-content\/uploads\/2020\/04\/inspektor-radiologii-1140x520.jpg\" \/><\/p>\n<p>Dnia 18 kwietnia 2020 r. wesz\u0142a w \u017cycie ustawa z dnia 16 kwietnia 2020 r.\u00a0<em>o szczeg\u00f3lnych instrumentach wsparcia w zwi\u0105zku z rozprzestrzenianiem si\u0119 wirusa SARS-CoV-2\u00a0<\/em>(Dz. U. z 2020 r. poz. 695), wprowadzaj\u0105ca zmiany m.in. w ustawie z dnia 2 marca 2020 r.\u00a0<em>o szczeg\u00f3lnych rozwi\u0105zaniach zwi\u0105zanych z zapobieganiem, przeciwdzia\u0142aniem i zwalczaniem COVID-19, innych chor\u00f3b zaka\u017anych oraz wywo\u0142anych nimi sytuacji kryzysowych<\/em>.<\/p>\n<p><!--more--><\/p>\n<p>W wyniku powy\u017cszych zmian zosta\u0142\u00a0<strong>przed\u0142u\u017cony okres obowi\u0105zywania<\/strong>\u00a0<strong>uprawnie\u0144 inspektora ochrony radiologicznej<\/strong>, nadanych m.in. przez G\u0142\u00f3wnego Inspektora Sanitarnego na podstawie art. 7 ust. 5 ustawy z dnia 29 listopada 2000 r. \u2013\u00a0<em>Prawo atomowe<\/em>\u00a0(Dz. U. z 2019 r. poz. 1792, z p\u00f3\u017an. zm.).<\/p>\n<p>Zgodnie z nowym\u00a0<strong>art. 15zzzzn pkt 1<\/strong>\u00a0ustawy z dnia 2 marca 2020 r. o\u00a0<em>szczeg\u00f3lnych rozwi\u0105zaniach zwi\u0105zanych z zapobieganiem, przeciwdzia\u0142aniem i zwalczaniem COVID-19, innych chor\u00f3b zaka\u017anych oraz wywo\u0142anych nimi sytuacji kryzysowych<\/em>\u00a0<strong>uprawnienia inspektora ochrony radiologicznej w jednostkach ochrony zdrowia,<\/strong>\u00a0<strong>kt\u00f3rych wa\u017cno\u015b\u0107 up\u0142ywa:<\/strong><\/p>\n<ul>\n<li><strong>w okresie obowi\u0105zywania stanu zagro\u017cenia epidemicznego \u2013\u00a0<em>a wi\u0119c<br \/>\nod dnia 14 marca 2020 r. do dnia 20 marca 2020 r.*<\/em><\/strong><\/li>\n<\/ul>\n<p><strong><em>albo<\/em><\/strong><\/p>\n<ul>\n<li><strong>w okresie obowi\u0105zywania stanu epidemii \u2013\u00a0<em>a wi\u0119c od dnia 20 marca<br \/>\n2020 r.**<\/em><\/strong><\/li>\n<\/ul>\n<p><strong><em>albo<\/em><\/strong><\/p>\n<ul>\n<li><strong>w okresie 30 dni nast\u0119puj\u0105cych po ich odwo\u0142aniu,<\/strong><\/li>\n<\/ul>\n<p><strong><u>zachowuj\u0105 wa\u017cno\u015b\u0107 przez okres kolejnych 9 miesi\u0119cy od dnia up\u0142ywu terminu ich wa\u017cno\u015bci.<\/u><\/strong><\/p>\n<p><strong>* Stan zagro\u017cenia epidemicznego<\/strong>\u00a0w zwi\u0105zku z zaka\u017ceniami wirusem SARS-CoV-2 na obszarze Rzeczypospolitej Polskiej zosta\u0142\u00a0<strong>og\u0142oszony od dnia 14 marca 2020 r.<\/strong>\u00a0rozporz\u0105dzeniem Ministra Zdrowia z dnia 13 marca 2020 r.\u00a0<em>w sprawie og\u0142oszenia na obszarze Rzeczypospolitej Polskiej stanu zagro\u017cenia epidemicznego<\/em>\u00a0(Dz. U. poz. 433, z p\u00f3\u017an. zm.).<\/p>\n<p>Stan zagro\u017cenia epidemicznego zosta\u0142\u00a0<strong>odwo\u0142any<\/strong>\u00a0rozporz\u0105dzeniem Ministra Zdrowia z dnia 20 marca 2020 r.\u00a0<em>w sprawie odwo\u0142ania na obszarze Rzeczypospolitej Polskiej stanu zagro\u017cenia epidemicznego<\/em>\u00a0(Dz. U. poz. 490).<\/p>\n<p><strong>** Stan epidemii<\/strong>\u00a0w zwi\u0105zku z zaka\u017ceniami wirusem SARS-CoV-2 zosta\u0142\u00a0<strong>og\u0142oszony od dnia<br \/>\n20 marca 2020 r.<\/strong>\u00a0<strong>do odwo\u0142ania<\/strong>\u00a0rozporz\u0105dzeniem Rozporz\u0105dzenie Ministra Zdrowia z dnia 20 marca 2020 r.\u00a0<em>w sprawie og\u0142oszenia na obszarze Rzeczypospolitej Polskiej stanu epidemii<\/em>\u00a0(Dz. U. z 2020 r. poz. 491, z p\u00f3\u017an. zm.)<\/p>\n<p>\u0179r\u00f3d\u0142o: www.gis.gov.pl<\/p>\n","protected":false},"excerpt":{"rendered":"<p>Dnia 18 kwietnia 2020 r. wesz\u0142a w \u017cycie ustawa z dnia 16 kwietnia 2020 r.\u00a0o szczeg\u00f3lnych instrumentach wsparcia w zwi\u0105zku z rozprzestrzenianiem si\u0119 wirusa SARS-CoV-2\u00a0(Dz. U. z 2020 r. poz. 695), wprowadzaj\u0105ca zmiany m.in. w ustawie z dnia 2 marca 2020 r.\u00a0o szczeg\u00f3lnych rozwi\u0105zaniach zwi\u0105zanych z zapobieganiem, przeciwdzia\u0142aniem i zwalczaniem COVID-19, innych chor\u00f3b zaka\u017anych oraz [&hellip;]<\/p>\n","protected":false},"author":45,"featured_media":0,"comment_status":"closed","ping_status":"closed","sticky":false,"template":"","format":"standard","meta":{"_monsterinsights_skip_tracking":false,"_monsterinsights_sitenote_active":false,"_monsterinsights_sitenote_note":"","_monsterinsights_sitenote_category":0,"footnotes":""},"categories":[247,5],"tags":[],"class_list":["post-6839","post","type-post","status-publish","format-standard","hentry","category-koronawirus","category-wsse"],"_links":{"self":[{"href":"https:\/\/wsse.krakow.pl\/page\/wp-json\/wp\/v2\/posts\/6839","targetHints":{"allow":["GET"]}}],"collection":[{"href":"https:\/\/wsse.krakow.pl\/page\/wp-json\/wp\/v2\/posts"}],"about":[{"href":"https:\/\/wsse.krakow.pl\/page\/wp-json\/wp\/v2\/types\/post"}],"author":[{"embeddable":true,"href":"https:\/\/wsse.krakow.pl\/page\/wp-json\/wp\/v2\/users\/45"}],"replies":[{"embeddable":true,"href":"https:\/\/wsse.krakow.pl\/page\/wp-json\/wp\/v2\/comments?post=6839"}],"version-history":[{"count":1,"href":"https:\/\/wsse.krakow.pl\/page\/wp-json\/wp\/v2\/posts\/6839\/revisions"}],"predecessor-version":[{"id":6840,"href":"https:\/\/wsse.krakow.pl\/page\/wp-json\/wp\/v2\/posts\/6839\/revisions\/6840"}],"wp:attachment":[{"href":"https:\/\/wsse.krakow.pl\/page\/wp-json\/wp\/v2\/media?parent=6839"}],"wp:term":[{"taxonomy":"category","embeddable":true,"href":"https:\/\/wsse.krakow.pl\/page\/wp-json\/wp\/v2\/categories?post=6839"},{"taxonomy":"post_tag","embeddable":true,"href":"https:\/\/wsse.krakow.pl\/page\/wp-json\/wp\/v2\/tags?post=6839"}],"curies":[{"name":"wp","href":"https:\/\/api.w.org\/{rel}","templated":true}]}}