{"id":6877,"date":"2020-04-30T10:29:39","date_gmt":"2020-04-30T08:29:39","guid":{"rendered":"https:\/\/wsse.krakow.pl\/page\/?p=6877"},"modified":"2020-04-30T10:37:30","modified_gmt":"2020-04-30T08:37:30","slug":"4-maja-rusza-hotele-centra-handlowe-i-rehabilitacja-lecznicza","status":"publish","type":"post","link":"https:\/\/wsse.krakow.pl\/page\/4-maja-rusza-hotele-centra-handlowe-i-rehabilitacja-lecznicza\/","title":{"rendered":"4 maja rusz\u0105 hotele, centra handlowe i rehabilitacja lecznicza"},"content":{"rendered":"<p><img decoding=\"async\" src=\"https:\/\/www.gov.pl\/photo\/format\/e2c0c55a-2c70-4019-bd36-ed89c38d02f3\/resolution\/1920x810\" alt=\"Nowa normalno\u015b\u0107: kolejny etap\" \/><\/p>\n<p>Wkraczamy w drugi zapowiadany etap znoszenia ogranicze\u0144 zwi\u0105zanych z COVID-19. Po maj\u00f3wce otwarte zostan\u0105 centra handlowe, sklepy budowlane b\u0119d\u0105 czynne w weekendy, a hotele wznowi\u0105 dzia\u0142alno\u015b\u0107. To jednak nie koniec. Osoby chore powr\u00f3c\u0105 do rehabilitacji, a biblioteki i instytucje kultury b\u0119d\u0105 stopniowo otwierane po konsultacjach z sanepidem. Wprowadzamy tak\u017ce zmiany w funkcjonowaniu przedszkoli i \u017c\u0142obk\u00f3w. Co jeszcze zmieni si\u0119 po d\u0142ugim weekendzie majowym?<\/p>\n<p><!--more--><\/p>\n<div>\n<p>Powr\u00f3t do normalno\u015bci zosta\u0142 podzielony na etapy. Ca\u0142kowite odmro\u017cenie gospodarki i \u017cycia codziennego Polak\u00f3w zale\u017cy od rozwoju epidemii w kraju. Stale obserwujemy sytuacj\u0119 epidemiczn\u0105, analizujemy dynamik\u0119 przyrostu zachorowa\u0144, a tak\u017ce monitorujemy wydolno\u015b\u0107 s\u0142u\u017cby zdrowia. Na tej podstawie podejmujemy decyzj\u0119.<\/p>\n<p>W\u0142a\u015bnie dlatego 4 maja 2020 r. przyspieszamy niekt\u00f3re zmiany.<\/p>\n<\/div>\n<h6>Dzia\u0142alno\u015b\u0107 gospodarcza \u2013 otwarte centra handlowe i hotele<\/h6>\n<div>\n<p>Od poniedzia\u0142ku 4 maja 2020 roku znosimy istotne ograniczenia w handlu.<\/p>\n<ul>\n<li><strong>Centra handlowe i sklepy wielkopowierzchniowe otwarte, ale z limitem os\u00f3b i bez spo\u017cywania posi\u0142k\u00f3w<\/strong><\/li>\n<\/ul>\n<p>Obiekty handlowe o powierzchni sprzeda\u017cy powy\u017cej 2000 m2 \u2013 czyli centra handlowe, sklepy wielkopowierzchniowe \u2013 zostan\u0105 otwarte.<\/p>\n<p>Wprowadzamy jednak limit os\u00f3b. Na 1 osob\u0119 musi przypada\u0107 15m2 powierzchni handlowej. Co wa\u017cne \u2013 do powierzchni sprzeda\u017cowej nie wlicza si\u0119 powierzchnia korytarzy.<\/p>\n<p><strong>Uwaga!<\/strong>\u00a0W centrach handlowych nie mog\u0105 funkcjonowa\u0107 jednak kluby fitness i przestrze\u0144 rekreacyjna (np. place zabaw). Nie mog\u0105 funkcjonowa\u0107 tak\u017ce miejsca, w kt\u00f3rych spo\u017cywa si\u0119 posi\u0142ki na miejscu (tzw. food court).<\/p>\n<p><a href=\"https:\/\/www.gov.pl\/web\/rozwoj\/centra-handlowe\">&gt;&gt; Wytyczne dla funkcjonowania obiekt\u00f3w handlowych o powierzchni powy\u017cej 2000 m2 (galerii handlowych, park\u00f3w handlowych i obiekt\u00f3w handlowych nieprowadz\u0105cych przewa\u017caj\u0105cej\u00a0 dzia\u0142alno\u015bci spo\u017cywczej) w trakcie epidemii COVID-19 w Polsce &lt;&lt;<\/a><\/p>\n<ul>\n<li><strong>Hotele i noclegi rusz\u0105, ale bez basen\u00f3w i si\u0142owni<\/strong><\/li>\n<\/ul>\n<p>Do tej pory hotele co do zasady nie przyjmowa\u0142y go\u015bci \u2013 z wyj\u0105tkiem os\u00f3b w delegacji i w kwarantannie. Znosimy ten zakaz. Us\u0142ugi hotelarskie i noclegowe b\u0119d\u0105 mog\u0142y by\u0107 \u015bwiadczone pod warunkiem, \u017ce zachowane b\u0119d\u0105 szczeg\u00f3lne zasady bezpiecze\u0144stwa.<\/p>\n<p><strong>Wa\u017cne!\u00a0<\/strong>W hotelach i obiektach noclegowych ograniczona zostaje nadal dzia\u0142alno\u015b\u0107 restauracji hotelowych i przestrzeni rekreacyjnych. Si\u0142ownie, sale pobytu i baseny pozostaj\u0105 zamkni\u0119te. Natomaist restauracje hotelowe mog\u0105 wydawa\u0107 posi\u0142ki go\u015bciom hotelowym do pokoju. Nie mog\u0105 jedynie serwowa\u0107 ich na miejscu.<\/p>\n<p><a href=\"https:\/\/www.gov.pl\/web\/rozwoj\/hotele-i-inne-miejsca-noclegowe\">&gt;&gt; Wytyczne dla funkcjonowania hoteli\/obiekt\u00f3w\/pensjonat\u00f3w w trakcie epidemii COVID-19 w Polsce &lt;&lt;<\/a><\/p>\n<ul>\n<li><strong>Sklepy budowlane czynne w weekendy<\/strong><\/li>\n<\/ul>\n<p>Uchylamy dotychczasowy zakaz handlu w weekendy dla wielkopowierzchniowych sklep\u00f3w budowlanych.<\/p>\n<p><a href=\"https:\/\/www.gov.pl\/web\/rozwoj\/sklepy-meblowe-i-budowlane\">&gt;&gt; Wytyczne dla funkcjonowania sklep\u00f3w meblarskich i budowlanych w trakcie epidemii COVID-19 w Polsce. &lt;&lt;<\/a><\/p>\n<\/div>\n<h6>\u017bycie spo\u0142eczne \u2013 p\u00f3jdziesz na rehabilitacj\u0119 lecznicz\u0105 i do muzeum<\/h6>\n<div>\n<p>Po weekendzie majowym do wi\u0119kszej normalno\u015bci wr\u00f3ci r\u00f3wnie\u017c \u017cycie spo\u0142eczne.<\/p>\n<ul>\n<li><strong>Biblioteki i muzea<\/strong><\/li>\n<\/ul>\n<p>Uchylamy zakaz dzia\u0142alno\u015bci bibliotek, archiw\u00f3w, muze\u00f3w oraz pozosta\u0142ej dzia\u0142alno\u015bci zwi\u0105zanej z kultur\u0105.<\/p>\n<p><strong>Wa\u017cne!<\/strong>\u00a0Instytucje kultury b\u0119d\u0105 otwierane stopniowo i w r\u00f3\u017cnym czasie. O konkretnym terminie decydowa\u0107 b\u0119dzie organ prowadz\u0105cy dan\u0105 plac\u00f3wk\u0119 po konsultacji z powiatow\u0105 stacj\u0105 sanitarno-epidemiologiczn\u0105.<\/p>\n<p><a href=\"https:\/\/www.gov.pl\/web\/rozwoj\/biblioteki\">&gt;&gt; Wytyczne dla funkcjonowania bibliotek w trakcie epidemii COVID-19 w Polsce &lt;&lt;<\/a><\/p>\n<ul>\n<li><strong>Rehabilitacja lecznicza<\/strong><\/li>\n<\/ul>\n<p>Osoby chore i cierpi\u0105ce na dolegliwo\u015bci b\u00f3lowe b\u0119d\u0105 mog\u0142y od 4 maja korzysta\u0107 z rehabilitacji leczniczej.<\/p>\n<p><strong>Uwaga!<\/strong>\u00a0Salony masa\u017cu nadal pozostaj\u0105 zamkni\u0119te!<\/p>\n<p><a href=\"https:\/\/www.gov.pl\/web\/rozwoj\/rehabilitacja\">&gt;&gt; Wytyczne dla funkcjonowania gabinet\u00f3w fizjoterapeutycznych w systemie rehabilitacji ambulatoryjnej w trakcie epidemii COVID-19 w Polsce &lt;&lt;<\/a><\/p>\n<\/div>\n<h6>6 maja otwieramy \u017c\u0142obki i przedszkola \u2013 w wyj\u0105tkowych sytuacjach samorz\u0105dy mog\u0105 je zamkn\u0105\u0107<\/h6>\n<div>\n<p>Dzieci pracuj\u0105cych rodzic\u00f3w b\u0119d\u0105 mog\u0142y wr\u00f3ci\u0107 do \u017c\u0142obk\u00f3w lub przedszkoli. Od \u015brody 6 maja organy prowadz\u0105ce te plac\u00f3wki mog\u0105 je otworzy\u0107, maj\u0105c na uwadze wytyczne G\u0142\u00f3wnego Inspektoratu Sanitarnego, a tak\u017ce Ministerstwa Edukacji Narodowej oraz Ministerstwa Rodziny, Pracy i Polityki Spo\u0142ecznej.<\/p>\n<p><strong>Wa\u017cne!<\/strong>\u00a0Ze wzgl\u0119du na sytuacj\u0119 epidemiologiczn\u0105 organ prowadz\u0105cy mo\u017ce ograniczy\u0107 liczebno\u015b\u0107 grupy przedszkolnej lub ograniczy\u0107 liczb\u0119 dzieci obj\u0119tych opiek\u0105 w \u017c\u0142obkach.<\/p>\n<p><strong>Wa\u017cne!<\/strong>\u00a0Jednostka samorz\u0105du terytorialnego na podstawie dotychczasowych przepis\u00f3w og\u00f3lnych mo\u017ce zamkn\u0105\u0107 wszystkie \u017c\u0142obki i przedszkola na swoim terenie.<\/p>\n<p><strong>Dodatkowy zasi\u0142ek opieku\u0144czy jest wyp\u0142acany rodzicom, gdy:<\/strong><\/p>\n<ul>\n<li>przedszkole i \u017c\u0142obek s\u0105 zamkni\u0119te na mocy decyzji jednostki samorz\u0105du terytorialnego,<\/li>\n<li>gdy \u017c\u0142obek lub przedszkole nie mo\u017ce zapewni\u0107 opieki ze wzgl\u0119du na ograniczenia spowodowane COVID-19.<\/li>\n<\/ul>\n<p><a href=\"https:\/\/www.gov.pl\/web\/rodzina\/bezpieczenstwo-przede-wszystkim-wytyczne-dla-instytucji-opieki-nad-dziecmi-do-lat-3\">&gt;&gt; Wytyczne dla instytucji opieki nad dzie\u0107mi do lat 3: bezpiecze\u0144stwo przede wszystkim\u00a0 &lt;&lt;<\/a><\/p>\n<\/div>\n<h6>Podstawy nowej normalno\u015bci \u2013 najwa\u017cniejsze sta\u0142e zasady bezpiecze\u0144stwa<\/h6>\n<div>\n<p>Stopniowy powr\u00f3t do normalno\u015bci nie zwalnia nas ze stosowania podstawowych zasad bezpiecze\u0144stwa. Musz\u0105 one sta\u0107 si\u0119 podstaw\u0105 naszego codziennego funkcjonowania. O czym nale\u017cy pami\u0119ta\u0107 szczeg\u00f3lnie?<\/p>\n<ul>\n<li>Zachowuj 2-metrow\u0105 odleg\u0142o\u015b\u0107 od innych w przestrzeni publicznej.<\/li>\n<li>Obowi\u0105zkowo zas\u0142aniaj nos i usta w miejscach publicznych.<\/li>\n<li>Pracuj i ucz si\u0119 zdalnie, je\u015bli tylko jest to mo\u017cliwe.<\/li>\n<li>\u015aci\u015ble przestrzegaj zasad sanitarnych w miejscach gromadzenia ludzi (dezynfekcja i utrzymanie odpowiedniego dystansu).<\/li>\n<li>Kwarantanna i izolacja dla os\u00f3b zara\u017conych lub potencjalnie zara\u017conych.<\/li>\n<\/ul>\n<p>\u0179r\u00f3d\u0142o: <a href=\"https:\/\/www.gov.pl\/web\/koronawirus\/kolejny-etap\">www.gov.pl<\/a><\/p>\n<\/div>\n","protected":false},"excerpt":{"rendered":"<p>Wkraczamy w drugi zapowiadany etap znoszenia ogranicze\u0144 zwi\u0105zanych z COVID-19. Po maj\u00f3wce otwarte zostan\u0105 centra handlowe, sklepy budowlane b\u0119d\u0105 czynne w weekendy, a hotele wznowi\u0105 dzia\u0142alno\u015b\u0107. To jednak nie koniec. Osoby chore powr\u00f3c\u0105 do rehabilitacji, a biblioteki i instytucje kultury b\u0119d\u0105 stopniowo otwierane po konsultacjach z sanepidem. Wprowadzamy tak\u017ce zmiany w funkcjonowaniu przedszkoli i \u017c\u0142obk\u00f3w. [&hellip;]<\/p>\n","protected":false},"author":45,"featured_media":0,"comment_status":"closed","ping_status":"closed","sticky":false,"template":"","format":"standard","meta":{"_monsterinsights_skip_tracking":false,"_monsterinsights_sitenote_active":false,"_monsterinsights_sitenote_note":"","_monsterinsights_sitenote_category":0,"footnotes":""},"categories":[247,5],"tags":[],"class_list":["post-6877","post","type-post","status-publish","format-standard","hentry","category-koronawirus","category-wsse"],"_links":{"self":[{"href":"https:\/\/wsse.krakow.pl\/page\/wp-json\/wp\/v2\/posts\/6877","targetHints":{"allow":["GET"]}}],"collection":[{"href":"https:\/\/wsse.krakow.pl\/page\/wp-json\/wp\/v2\/posts"}],"about":[{"href":"https:\/\/wsse.krakow.pl\/page\/wp-json\/wp\/v2\/types\/post"}],"author":[{"embeddable":true,"href":"https:\/\/wsse.krakow.pl\/page\/wp-json\/wp\/v2\/users\/45"}],"replies":[{"embeddable":true,"href":"https:\/\/wsse.krakow.pl\/page\/wp-json\/wp\/v2\/comments?post=6877"}],"version-history":[{"count":2,"href":"https:\/\/wsse.krakow.pl\/page\/wp-json\/wp\/v2\/posts\/6877\/revisions"}],"predecessor-version":[{"id":6888,"href":"https:\/\/wsse.krakow.pl\/page\/wp-json\/wp\/v2\/posts\/6877\/revisions\/6888"}],"wp:attachment":[{"href":"https:\/\/wsse.krakow.pl\/page\/wp-json\/wp\/v2\/media?parent=6877"}],"wp:term":[{"taxonomy":"category","embeddable":true,"href":"https:\/\/wsse.krakow.pl\/page\/wp-json\/wp\/v2\/categories?post=6877"},{"taxonomy":"post_tag","embeddable":true,"href":"https:\/\/wsse.krakow.pl\/page\/wp-json\/wp\/v2\/tags?post=6877"}],"curies":[{"name":"wp","href":"https:\/\/api.w.org\/{rel}","templated":true}]}}