{"id":6880,"date":"2020-04-30T10:34:28","date_gmt":"2020-04-30T08:34:28","guid":{"rendered":"https:\/\/wsse.krakow.pl\/page\/?p=6880"},"modified":"2020-04-30T10:39:21","modified_gmt":"2020-04-30T08:39:21","slug":"otwieramy-przedszkola-od-6-maja-br","status":"publish","type":"post","link":"https:\/\/wsse.krakow.pl\/page\/otwieramy-przedszkola-od-6-maja-br\/","title":{"rendered":"Otwieramy przedszkola od 6 maja br."},"content":{"rendered":"<p><img decoding=\"async\" src=\"https:\/\/www.gov.pl\/photo\/format\/ca1b22fc-213f-43f1-b4e9-22ab3865dd79\/resolution\/1920x810\" alt=\"Dziewczynka z d\u0142ugimi blond w\u0142osami podpiera r\u0119koma g\u0142ow\u0119. Po prawo na niebieskim tle napis: &quot;Od 6 maja otwarcie przedszkoli&quot;\" \/><\/p>\n<p>Od 6 maja br. przedszkola, oddzia\u0142y przedszkolne w szko\u0142ach podstawowych i inne formy wychowania przedszkolnego b\u0119d\u0105 otwarte.<\/p>\n<p><!--more--><\/p>\n<p><strong>Apelujemy do samorz\u0105d\u00f3w, by z plac\u00f3wek w pierwszej kolejno\u015bci, mog\u0142y skorzysta\u0107 te dzieci, kt\u00f3rych rodzice nie maj\u0105 mo\u017cliwo\u015bci pogodzenia pracy z opiek\u0105 w domu.<\/strong><\/p>\n<p>Warto, aby pierwsze\u0144stwo uzyska\u0142y dzieci pracownik\u00f3w systemu ochrony zdrowia, s\u0142u\u017cb mundurowych, pracownik\u00f3w handlu i przedsi\u0119biorstw produkcyjnych, realizuj\u0105cy zadania zwi\u0105zane z zapobieganiem, przeciwdzia\u0142aniem i zwalczaniem COVID-19.<\/p>\n<p>Decyzja rz\u0105du o otwarciu przedszkoli wychodzi naprzeciw oczekiwaniom wielu rodzic\u00f3w, kt\u00f3rzy chcieliby wr\u00f3ci\u0107 do pracy. To wa\u017cny element w przywracaniu funkcjonalno\u015bci plac\u00f3wek o\u015bwiatowych. Stopniowe uruchamianie pracy przedszkoli b\u0119dzie przeprowadzone zgodnie z wytycznymi wydanymi przez Ministra Zdrowia i G\u0142\u00f3wnego Inspektora Sanitarnego.<\/p>\n<p><a href=\"https:\/\/www.gov.pl\/attachment\/14fee8a9-7795-44e6-9378-3167df87821a\"><strong>Wytyczne Ministerstwa Zdrowia, GIS i MEN dla przedszkoli, oddzia\u0142\u00f3w przedszkolnych w szkole podstawowej i innych form wychowania przedszkolnego<\/strong><\/a><\/p>\n<h6>Bezpiecze\u0144stwo dzieci i kadry sprawuj\u0105cej opiek\u0119 priorytetem<\/h6>\n<p>Kluczow\u0105 kwesti\u0105 jest zapewnienie dzieciom\u00a0<strong>bezpiecznych warunk\u00f3w. Zalecamy, aby jedna grupa przedszkolna przebywa\u0142a w wyznaczonych i sta\u0142ych salach. W miar\u0119 mo\u017cliwo\u015bci w mniejszych grupach ni\u017c jest to uregulowane w rozporz\u0105dzeniu MEN w sprawie szczeg\u00f3\u0142owej organizacji publicznych szk\u00f3\u0142 i przedszkoli\u00a0<em>(Dz.U. z 2019. Poz. 996, 1000, 1290, 1669 i 2045).<\/em><\/strong><\/p>\n<p>Zalecamy r\u00f3wnie\u017c, aby grupa przedszkolna obejmowa\u0142a dzieci w zbli\u017conym wieku,<br \/>\nz uwzgl\u0119dnieniem ich potrzeb, zainteresowa\u0144 i uzdolnie\u0144. Z sal powinny zosta\u0107 usuni\u0119te przedmioty i sprz\u0119ty, kt\u00f3rych nie mo\u017cna skutecznie dezynfekowa\u0107, jak np. pluszowe zabawki.<\/p>\n<p><strong>Zgodnie z wytycznymi GIS prosimy rodzic\u00f3w, by nie przyprowadzali dzieci z objawami chorobowymi.\u00a0<\/strong>Do plac\u00f3wki nie mo\u017cna pos\u0142a\u0107 tak\u017ce dziecka, kt\u00f3rego domownik odbywa kwarantann\u0119.<\/p>\n<p>Przypominamy, \u017ce podobne zasady bezpiecze\u0144stwa dotycz\u0105 r\u00f3wnie\u017c personelu. Podczas wykonywania swoich czynno\u015bci na terenie plac\u00f3wki nie musi on zakrywa\u0107 ust i nosa. Z uwagi na bezpiecze\u0144stwo kadry sugerujemy, by do opieki nad dzie\u0107mi nie byli anga\u017cowani nauczyciele i pracownicy przedszkola powy\u017cej 60. roku \u017cycia.<\/p>\n<p>Ka\u017cda plac\u00f3wka\u00a0<strong>musi by\u0107 wyposa\u017cona w podstawowe \u015brodki higieny<\/strong>, w tym p\u0142yn do dezynfekcji umieszczony w widocznym miejscu przy wej\u015bciu do budynku. Zalecamy r\u00f3wnie\u017c, aby\u00a0<strong>plac\u00f3wki posiada\u0142y pomieszczenia potrzebne do izolacji<\/strong>, je\u015bli zajdzie taka potrzeba.<\/p>\n<h6>Jak i komu zg\u0142osi\u0107 ch\u0119\u0107 skorzystania dziecka z przedszkola?<\/h6>\n<p>Rodzice, kt\u00f3rzy chc\u0105 skorzysta\u0107 z mo\u017cliwo\u015bci zapewnienia opieki przez przedszkole, powinni o tym fakcie powiadomi\u0107 dyrektora plac\u00f3wki. Szczeg\u00f3\u0142owe rozwi\u0105zania dotycz\u0105ce trybu zg\u0142aszania ch\u0119ci uzyskania opieki nad dzieckiem, okre\u015bli dyrektor danej plac\u00f3wki wsp\u00f3lnie z organem prowadz\u0105cym.<\/p>\n<h6>Poradnie psychologiczno-pedagogiczne wracaj\u0105 do pracy stacjonarnej<\/h6>\n<p>Bezpo\u015brednia praca z dzie\u0107mi i m\u0142odzie\u017c\u0105 najcz\u0119\u015bciej dotyczy spotka\u0144 indywidualnych, a jej realizacja jest bardziej efektywna w osobistym kontakcie. Dlatego te\u017c przywracamy stacjonarn\u0105 prac\u0119 poradni psychologiczno-pedagogicznych. Rozpoczyna si\u0119 czas diagnozowania dzieci i uczni\u00f3w w celu wydania stosownych opinii i orzecze\u0144, wa\u017cnych dla przysz\u0142o\u015bci edukacyjnej i dalszych los\u00f3w dzieci. Nie ma mo\u017cliwo\u015bci, aby otrzyma\u0107 je zdalnie. St\u0105d potrzeba powrotu do stacjonarnej pracy poradni psychologiczno-pedagogicznych.<\/p>\n<p>Natomiast czynno\u015bci, kt\u00f3re nie musz\u0105 by\u0107 realizowane w budynku poradni, mog\u0105 by\u0107 nadal prowadzone z wykorzystaniem metod i technik na odleg\u0142o\u015b\u0107.<\/p>\n<h6>Zmiany termin\u00f3w dni wolnych od zaj\u0119\u0107 dydaktyczno-wychowawczych<\/h6>\n<p>Dyrektorzy szk\u00f3\u0142 mog\u0105 zmienia\u0107 ustalone wcze\u015bniej daty dni wolnych od zaj\u0119\u0107 dydaktyczno-wychowawczych, tak aby dni te odpowiada\u0142y faktycznym terminom egzamin\u00f3w. Do tej pory przepisy na to nie pozwala\u0142y.<\/p>\n<h6>Mo\u017cliwy powr\u00f3t do kurs\u00f3w zawodowych oraz praktyk zawodowych s\u0142uchaczy szk\u00f3\u0142 policealnych<\/h6>\n<p>Od 4 maja br.\u00a0<strong>wraca mo\u017cliwo\u015b\u0107 realizacji kszta\u0142cenia praktycznego na kwalifikacyjnych kursach zawodowych, kursach umiej\u0119tno\u015bci zawodowych oraz innych kursach spoza podstawy programowej.<\/strong>\u00a0Kszta\u0142cenie teoretyczne, tak jak dotychczas, b\u0119dzie realizowane zdalnie.<\/p>\n<p><strong>B\u0119dzie r\u00f3wnie\u017c mo\u017cliwo\u015b\u0107 odbywania przez s\u0142uchaczy szk\u00f3\u0142 policealnych obowi\u0105zkowych praktyk zawodowych realizowanych u pracodawc\u00f3w.<\/strong><\/p>\n<p>Kursy i praktyki b\u0119d\u0105 mo\u017cliwe pod pewnymi warunkami. Ich uczestnicy powinni wyrazi\u0107 zgod\u0119 na udzia\u0142, a szko\u0142a\/plac\u00f3wka, podobnie jak i pracodawca musz\u0105 zapewni\u0107 i zachowa\u0107 zasady bezpiecze\u0144stwa zwi\u0105zane ze zwalczaniem epidemii COVID-19.<\/p>\n<p><strong>Ponadto na czas pandemii rozszerza si\u0119 formy realizacji praktyk zawodowych przez s\u0142uchaczy szk\u00f3\u0142 policealnych i uczni\u00f3w technikum,<\/strong>\u00a0np. o zaliczenie pracy wykonywanej w danym zawodzie lub wolontariatu, sta\u017cu zawodowego zrealizowanego w ramach projekt\u00f3w unijnych czy te\u017c o realizacj\u0119 projektu edukacyjnego we wsp\u00f3\u0142pracy z pracodawc\u0105.<\/p>\n<p>Departament Informacji i Promocji<br \/>\nMinisterstwo Edukacji Narodowej<\/p>\n<h6>Podstawa prawna<\/h6>\n<p class=\"title\">Rozporz\u0105dzenie Ministra Edukacji Narodowej z dnia 29 kwietnia 2020 r. zmieniaj\u0105ce rozporz\u0105dzenie w sprawie czasowego ograniczenia funkcjonowania jednostek systemu o\u015bwiaty w zwi\u0105zku z zapobieganiem, przeciwdzia\u0142aniem i zwalczaniem COVID-19\u00a0<a class=\"link-item\" href=\"http:\/\/dziennikustaw.gov.pl\/DU\/2020\/780\">http:\/\/dziennikustaw.gov.pl\/DU\/2020\/780<\/a><\/p>\n<p class=\"title\">Rozporz\u0105dzenie Ministra Edukacji Narodowej z dnia 29 kwietnia 2020 r. zmieniaj\u0105ce rozporz\u0105dzenie w sprawie szczeg\u00f3lnych rozwi\u0105za\u0144 w okresie czasowego ograniczenia funkcjonowania jednostek systemu o\u015bwiaty w zwi\u0105zku z zapobieganiem, przeciwdzia\u0142aniem i zwalczaniem COVID-19\u00a0<a class=\"link-item\" href=\"http:\/\/dziennikustaw.gov.pl\/DU\/2020\/781\">http:\/\/dziennikustaw.gov.pl\/DU\/2020\/781<\/a><\/p>\n<p>\u0179r\u00f3d\u0142o: <a href=\"https:\/\/www.gov.pl\/web\/edukacja\/otwieramy-przedszkola-od-6-maja\">www.gov.pl<\/a><\/p>\n<!-- WP Attachments -->\r\n        <div style=\"width:100%;margin:10px 0 10px 0;\">\r\n            <h3>Pliki do pobrania:<\/h3>\r\n        <ul class=\"post-attachments\"><li class=\"post-attachment mime-application-pdf\"><a href=\"https:\/\/wsse.krakow.pl\/page\/otwieramy-przedszkola-od-6-maja-br\/?download=6883\">Nowelizacja Rozporz\u0105dzenia MEN w sprawie czasowego ograniczenia funkcjonowania jednostek systemu o\u015bwiaty COVID-19<\/a> <small>(202 kB)<\/small><\/li><li class=\"post-attachment mime-application-pdf\"><a href=\"https:\/\/wsse.krakow.pl\/page\/otwieramy-przedszkola-od-6-maja-br\/?download=6884\">Wytyczne GIS i MZ<\/a> <small>(197 kB)<\/small><\/li><\/ul><\/div>","protected":false},"excerpt":{"rendered":"<p>Od 6 maja br. przedszkola, oddzia\u0142y przedszkolne w szko\u0142ach podstawowych i inne formy wychowania przedszkolnego b\u0119d\u0105 otwarte. Pliki do pobrania: Nowelizacja Rozporz\u0105dzenia MEN w sprawie czasowego ograniczenia funkcjonowania jednostek systemu o\u015bwiaty COVID-19 (202 kB)Wytyczne GIS i MZ (197 kB)<\/p>\n","protected":false},"author":45,"featured_media":0,"comment_status":"closed","ping_status":"closed","sticky":false,"template":"","format":"standard","meta":{"_monsterinsights_skip_tracking":false,"_monsterinsights_sitenote_active":false,"_monsterinsights_sitenote_note":"","_monsterinsights_sitenote_category":0,"footnotes":""},"categories":[247,5],"tags":[],"class_list":["post-6880","post","type-post","status-publish","format-standard","hentry","category-koronawirus","category-wsse"],"_links":{"self":[{"href":"https:\/\/wsse.krakow.pl\/page\/wp-json\/wp\/v2\/posts\/6880","targetHints":{"allow":["GET"]}}],"collection":[{"href":"https:\/\/wsse.krakow.pl\/page\/wp-json\/wp\/v2\/posts"}],"about":[{"href":"https:\/\/wsse.krakow.pl\/page\/wp-json\/wp\/v2\/types\/post"}],"author":[{"embeddable":true,"href":"https:\/\/wsse.krakow.pl\/page\/wp-json\/wp\/v2\/users\/45"}],"replies":[{"embeddable":true,"href":"https:\/\/wsse.krakow.pl\/page\/wp-json\/wp\/v2\/comments?post=6880"}],"version-history":[{"count":6,"href":"https:\/\/wsse.krakow.pl\/page\/wp-json\/wp\/v2\/posts\/6880\/revisions"}],"predecessor-version":[{"id":6889,"href":"https:\/\/wsse.krakow.pl\/page\/wp-json\/wp\/v2\/posts\/6880\/revisions\/6889"}],"wp:attachment":[{"href":"https:\/\/wsse.krakow.pl\/page\/wp-json\/wp\/v2\/media?parent=6880"}],"wp:term":[{"taxonomy":"category","embeddable":true,"href":"https:\/\/wsse.krakow.pl\/page\/wp-json\/wp\/v2\/categories?post=6880"},{"taxonomy":"post_tag","embeddable":true,"href":"https:\/\/wsse.krakow.pl\/page\/wp-json\/wp\/v2\/tags?post=6880"}],"curies":[{"name":"wp","href":"https:\/\/api.w.org\/{rel}","templated":true}]}}