{"id":6952,"date":"2020-05-07T07:14:49","date_gmt":"2020-05-07T05:14:49","guid":{"rendered":"https:\/\/wsse.krakow.pl\/page\/?p=6952"},"modified":"2020-05-08T07:23:47","modified_gmt":"2020-05-08T05:23:47","slug":"kleszcze-sa-juz-aktywne","status":"publish","type":"post","link":"https:\/\/wsse.krakow.pl\/page\/kleszcze-sa-juz-aktywne\/","title":{"rendered":"Kleszcze s\u0105 ju\u017c aktywne!"},"content":{"rendered":"<p><img loading=\"lazy\" decoding=\"async\" class=\"attachment-single-post wp-post-image\" src=\"https:\/\/gis.gov.pl\/wp-content\/uploads\/2020\/05\/Depositphotos_37807659_l-2015-1140x520.jpg\" alt=\"\" width=\"909\" height=\"415\" \/><\/p>\n<p>Wybieraj\u0105c si\u0119 na spacer do lasu, parku b\u0105d\u017a na inne tereny zielone uwa\u017cajmy na te paj\u0119czaki. <!--more--><\/p>\n<p>Po powrocie dok\u0142adnie ogl\u0105dajmy swoje cia\u0142o, uk\u0142ucie kleszcza nie boli! Pami\u0119tajmy te\u017c o dzieciach. Kleszcze najcz\u0119\u015bciej mo\u017cna znale\u017a\u0107 tam, gdzie sk\u00f3ra jest najdelikatniejsza (na r\u0119kach, nogach, g\u0142owie \u2013 na granicy w\u0142os\u00f3w i za uszami, w zgi\u0119ciach staw\u00f3w, w pachwinach oraz fa\u0142dach sk\u00f3rnych).<\/p>\n<p>Kleszcze stanowi\u0105 zagro\u017cenie nie tylko dla ludzi, ale tak\u017ce atakuj\u0105 psy i koty. Ogl\u0105dajmy dok\u0142adnie tak\u017ce sk\u00f3r\u0119 naszego pupila.<\/p>\n<p>W Polsce do chor\u00f3b przenoszonych przez kleszcze nale\u017c\u0105: borelioza i kleszczowe zapalenie m\u00f3zgu (KZM). Chroni\u0105c si\u0119 przed KZM mo\u017cna si\u0119 zaszczepi\u0107!<\/p>\n<p>Najcz\u0119stszym objawem boreliozy jest rumie\u0144, kt\u00f3ry mo\u017cemy zaobserwowa\u0107 nawet po kilku tygodniach od ugryzienia. Ka\u017cdy z niepokoj\u0105cych objaw\u00f3w nale\u017cy skonsultowa\u0107 z lekarzem.<\/p>\n<p><iframe loading=\"lazy\" src=\"https:\/\/www.youtube.com\/embed\/xgViBQITanY\" width=\"560\" height=\"315\" frameborder=\"0\" allowfullscreen=\"allowfullscreen\"><\/iframe><\/p>\n<p>\u0179r\u00f3d\u0142o: gis.gov.pl<\/p>\n<p>Wi\u0119cej informacji dot. kleszczy na stronie MZ:<\/p>\n<p>https:\/\/www.gov.pl\/web\/zdrowie<\/p>\n","protected":false},"excerpt":{"rendered":"<p>Wybieraj\u0105c si\u0119 na spacer do lasu, parku b\u0105d\u017a na inne tereny zielone uwa\u017cajmy na te paj\u0119czaki.<\/p>\n","protected":false},"author":44,"featured_media":0,"comment_status":"closed","ping_status":"closed","sticky":false,"template":"","format":"standard","meta":{"_monsterinsights_skip_tracking":false,"_monsterinsights_sitenote_active":false,"_monsterinsights_sitenote_note":"","_monsterinsights_sitenote_category":0,"footnotes":""},"categories":[1,5],"tags":[],"class_list":["post-6952","post","type-post","status-publish","format-standard","hentry","category-bez-kategorii","category-wsse"],"_links":{"self":[{"href":"https:\/\/wsse.krakow.pl\/page\/wp-json\/wp\/v2\/posts\/6952","targetHints":{"allow":["GET"]}}],"collection":[{"href":"https:\/\/wsse.krakow.pl\/page\/wp-json\/wp\/v2\/posts"}],"about":[{"href":"https:\/\/wsse.krakow.pl\/page\/wp-json\/wp\/v2\/types\/post"}],"author":[{"embeddable":true,"href":"https:\/\/wsse.krakow.pl\/page\/wp-json\/wp\/v2\/users\/44"}],"replies":[{"embeddable":true,"href":"https:\/\/wsse.krakow.pl\/page\/wp-json\/wp\/v2\/comments?post=6952"}],"version-history":[{"count":6,"href":"https:\/\/wsse.krakow.pl\/page\/wp-json\/wp\/v2\/posts\/6952\/revisions"}],"predecessor-version":[{"id":6970,"href":"https:\/\/wsse.krakow.pl\/page\/wp-json\/wp\/v2\/posts\/6952\/revisions\/6970"}],"wp:attachment":[{"href":"https:\/\/wsse.krakow.pl\/page\/wp-json\/wp\/v2\/media?parent=6952"}],"wp:term":[{"taxonomy":"category","embeddable":true,"href":"https:\/\/wsse.krakow.pl\/page\/wp-json\/wp\/v2\/categories?post=6952"},{"taxonomy":"post_tag","embeddable":true,"href":"https:\/\/wsse.krakow.pl\/page\/wp-json\/wp\/v2\/tags?post=6952"}],"curies":[{"name":"wp","href":"https:\/\/api.w.org\/{rel}","templated":true}]}}