{"id":7063,"date":"2020-05-13T11:22:18","date_gmt":"2020-05-13T09:22:18","guid":{"rendered":"https:\/\/wsse.krakow.pl\/page\/?p=7063"},"modified":"2020-05-13T11:22:18","modified_gmt":"2020-05-13T09:22:18","slug":"wytyczne-zamieszczone-na-stronach-poszczegolnych-ministerstw-we-wspolpracy-z-gis","status":"publish","type":"post","link":"https:\/\/wsse.krakow.pl\/page\/wytyczne-zamieszczone-na-stronach-poszczegolnych-ministerstw-we-wspolpracy-z-gis\/","title":{"rendered":"Wytyczne zamieszczone na stronach poszczeg\u00f3lnych ministerstw we wsp\u00f3\u0142pracy z GIS"},"content":{"rendered":"<p><img loading=\"lazy\" decoding=\"async\" class=\"attachment-single-post size-single-post wp-post-image\" src=\"https:\/\/gis.gov.pl\/wp-content\/uploads\/2020\/05\/formularz-komputer-1140x520.jpg\" sizes=\"auto, (max-width: 1140px) 100vw, 1140px\" srcset=\"https:\/\/gis.gov.pl\/wp-content\/uploads\/2020\/05\/formularz-komputer-1140x520.jpg 1140w, https:\/\/gis.gov.pl\/wp-content\/uploads\/2020\/05\/formularz-komputer-300x136.jpg 300w, https:\/\/gis.gov.pl\/wp-content\/uploads\/2020\/05\/formularz-komputer-768x349.jpg 768w, https:\/\/gis.gov.pl\/wp-content\/uploads\/2020\/05\/formularz-komputer-1024x466.jpg 1024w\" alt=\"\" width=\"1140\" height=\"520\" \/><\/p>\n<h2>G\u0142\u00f3wny Inspektorat Sanitarny wsp\u00f3lnie z innymi Ministerstwami opracowuje i opiniuje aktualne wytyczne uwzgl\u0119dniaj\u0105ce specyfik\u0119 dzia\u0142ania r\u00f3\u017cnych obszar\u00f3w w zakresie aktualnej sytuacji epidemiologicznej.<\/h2>\n<p>Poni\u017cej przedstawiamy linki, pod kt\u00f3rymi znajd\u0105 Pa\u0144stwo opublikowane wytyczne.<\/p>\n<p><!--more--><\/p>\n<p><strong>Ministerstwo Zdrowia<\/strong><\/p>\n<table width=\"0\">\n<tbody>\n<tr>\n<td width=\"209\">Stanowisko konsultanta krajowego w dziedzinie medycyny rodzinnej dotycz\u0105ce przeprowadzania bada\u0144 bilansowych u dzieci w czasie trwania pandemii COVID-19<\/td>\n<td width=\"427\"><a href=\"https:\/\/www.gov.pl\/web\/zdrowie\/stanowisko-kk-w-dziedzinie-medycyny-rodzinnej-dotyczace-przeprowadzania-badan-bilansowych-u-dzieci-w-czasie-trwania-pandemii-covid-19\">https:\/\/www.gov.pl\/web\/zdrowie\/stanowisko-kk-w-dziedzinie-medycyny-rodzinnej-dotyczace-przeprowadzania-badan-bilansowych-u-dzieci-w-czasie-trwania-pandemii-covid-19<\/a><\/td>\n<\/tr>\n<tr>\n<td width=\"209\">Komunikat w sprawie wykonywania szczepie\u0144 ochronnych w czasie pandemii COVID-19<\/td>\n<td width=\"427\"><a href=\"https:\/\/www.gov.pl\/web\/zdrowie\/komunikat-sprawie-wykonywania-szczepien-ochronnych-w-czasie-pandemii-covid-19\">https:\/\/www.gov.pl\/web\/zdrowie\/komunikat-sprawie-wykonywania-szczepien-ochronnych-w-czasie-pandemii-covid-19<\/a><\/td>\n<\/tr>\n<tr>\n<td width=\"209\">Informacja G\u0142\u00f3wnego Inspektora Sanitarnego dla senior\u00f3w<\/td>\n<td width=\"427\"><a href=\"https:\/\/www.gov.pl\/web\/zdrowie\/informacja-glownego-inspektora-sanitarnego-dla-seniorow\">https:\/\/www.gov.pl\/web\/zdrowie\/informacja-glownego-inspektora-sanitarnego-dla-seniorow<\/a><\/td>\n<\/tr>\n<tr>\n<td width=\"209\">Komunikat G\u0142\u00f3wnego Inspektora Sanitarnego w sprawie schematu post\u0119powania dla POZ i Ni\u015aOZ<\/td>\n<td width=\"427\"><a href=\"https:\/\/www.gov.pl\/web\/zdrowie\/komunikat-glownego-inspektora-sanitarnego-w-sprawie-schematu-postepowania-dla-poz-i-nisoz\">https:\/\/www.gov.pl\/web\/zdrowie\/komunikat-glownego-inspektora-sanitarnego-w-sprawie-schematu-postepowania-dla-poz-i-nisoz<\/a><\/td>\n<\/tr>\n<\/tbody>\n<\/table>\n<p><strong><br \/>\nMinisterstwo Rolnictwa i Rozwoju Wsi<\/strong><\/p>\n<table width=\"0\">\n<tbody>\n<tr>\n<td width=\"210\">Targowiska i bazary \u2013 zalecenia GIS<\/td>\n<td width=\"427\"><a href=\"https:\/\/www.gov.pl\/web\/rolnictwo\/targowiska-i-bazary--zalecenia-gis\">https:\/\/www.gov.pl\/web\/rolnictwo\/targowiska-i-bazary\u2013zalecenia-gis<\/a><\/td>\n<\/tr>\n<tr>\n<td width=\"210\">Wytyczne MRiRW i GIS dla producent\u00f3w rolnych zatrudniaj\u0105cych cudzoziemc\u00f3w przy pracach sezonowych w zwi\u0105zku z rozprzestrzenianiem si\u0119 wirusa SARS COV-2<\/td>\n<td width=\"427\"><a href=\"https:\/\/gis.gov.pl\/aktualnosci\/wytyczne-mrirw-i-gis-dla-producentow-rolnych-zatrudniajacych-cudzoziemcow-przy-pracach-sezonowych-w-zwiazku-z-rozprzestrzenianiem-sie-wirusa-sars-cov-2-warszawa-08-05-2020-r\/\">https:\/\/gis.gov.pl\/aktualnosci\/wytyczne-mrirw-i-gis-dla-producentow-rolnych-zatrudniajacych-cudzoziemcow-przy-pracach-sezonowych-w-zwiazku-z-rozprzestrzenianiem-sie-wirusa-sars-cov-2-warszawa-08-05-2020-r\/<\/a><\/td>\n<\/tr>\n<\/tbody>\n<\/table>\n<p><strong><br \/>\nMinisterstwo Rozwoju<\/strong><\/p>\n<table width=\"0\">\n<tbody>\n<tr>\n<td width=\"204\">Zalecenia dla przedsi\u0119biorc\u00f3w w zwi\u0105zku z rozprzestrzenianiem si\u0119 koronawirusa<\/td>\n<td width=\"433\"><a href=\"https:\/\/www.gov.pl\/web\/rozwoj\/zalecenia-dla-przedsiebiorcow-w-zwiazku-z-rozprzestrzenianiem-sie-koronawirusa\">https:\/\/www.gov.pl\/web\/rozwoj\/zalecenia-dla-przedsiebiorcow-w-zwiazku-z-rozprzestrzenianiem-sie-koronawirusa<\/a><\/td>\n<\/tr>\n<tr>\n<td width=\"204\">Nowa normalno\u015b\u0107 \u2013 wytyczne dla bran\u017c<\/td>\n<td width=\"433\"><a href=\"https:\/\/www.gov.pl\/web\/rozwoj\/nowa-normalnosc--wytyczne-dla-branz\">https:\/\/www.gov.pl\/web\/rozwoj\/nowa-normalnosc\u2013wytyczne-dla-branz<\/a><\/td>\n<\/tr>\n<tr>\n<td width=\"204\">Rekomendacje dla rzeczoznawc\u00f3w maj\u0105tkowych na czas pandemii koronawirusa<\/td>\n<td width=\"433\"><a href=\"https:\/\/www.gov.pl\/web\/rozwoj\/rekomendacje-dla-rzeczoznawcow-majatkowych\">https:\/\/www.gov.pl\/web\/rozwoj\/rekomendacje-dla-rzeczoznawcow-majatkowych<\/a><\/td>\n<\/tr>\n<tr>\n<td width=\"204\">Hotele i inne miejsca noclegowe<\/td>\n<td width=\"433\"><a href=\"https:\/\/www.gov.pl\/web\/rozwoj\/hotele-i-inne-miejsca-noclegowe\">https:\/\/www.gov.pl\/web\/rozwoj\/hotele-i-inne-miejsca-noclegowe<\/a><\/td>\n<\/tr>\n<tr>\n<td width=\"204\">Biblioteki<\/td>\n<td width=\"433\"><a href=\"https:\/\/www.gov.pl\/web\/rozwoj\/biblioteki\">https:\/\/www.gov.pl\/web\/rozwoj\/biblioteki<\/a><\/td>\n<\/tr>\n<tr>\n<td width=\"204\">Rehabilitacja<\/td>\n<td width=\"433\"><a href=\"https:\/\/www.gov.pl\/web\/rozwoj\/rehabilitacja\">https:\/\/www.gov.pl\/web\/rozwoj\/rehabilitacja<\/a><\/td>\n<\/tr>\n<tr>\n<td width=\"204\">Centra handlowe<\/td>\n<td width=\"433\"><a href=\"https:\/\/www.gov.pl\/web\/rozwoj\/centra-handlowe\">https:\/\/www.gov.pl\/web\/rozwoj\/centra-handlowe<\/a><\/td>\n<\/tr>\n<tr>\n<td width=\"204\">Sklepy meblowe i budowlane<\/td>\n<td width=\"433\"><a href=\"https:\/\/www.gov.pl\/web\/rozwoj\/sklepy-meblowe-i-budowlane\">https:\/\/www.gov.pl\/web\/rozwoj\/sklepy-meblowe-i-budowlane<\/a><\/td>\n<\/tr>\n<tr>\n<td width=\"204\">Zalecenia dla bran\u017cy transportowej i logistycznej w zwi\u0105zku z rozprzestrzenianiem si\u0119 koronawirusa<\/td>\n<td width=\"433\"><u><a href=\"https:\/\/www.gov.pl\/web\/koronawirus\/zalecenia-dla-branzy-transportowej-i-logistycznej-w-zwiazku-z-rozprzestrzenianiem-sie-koronawirusa2\">https:\/\/www.gov.pl\/web\/koronawirus\/zalecenia-dla-branzy-transportowej-i-logistycznej-w-zwiazku-z-rozprzestrzenianiem-sie-koronawirusa2<\/a><\/u><\/td>\n<\/tr>\n<tr>\n<td width=\"204\">Zalecenia dla zak\u0142ad\u00f3w pracy w zwi\u0105zku z rozprzestrzenianiem si\u0119 koronawirusa<\/td>\n<td width=\"433\"><u><a href=\"https:\/\/www.gov.pl\/web\/koronawirus\/zalecenia-dla-zakladow-pracy-w-zwiazku-z-rozprzestrzenianiem-sie-koronawirusa\">https:\/\/www.gov.pl\/web\/koronawirus\/zalecenia-dla-zakladow-pracy-w-zwiazku-z-rozprzestrzenianiem-sie-koronawirusa<\/a><\/u><\/td>\n<\/tr>\n<tr>\n<td width=\"204\">Zalecenia dla obiekt\u00f3w handlowych w zwi\u0105zku z rozprzestrzenianiem si\u0119 koronawirusa<\/td>\n<td width=\"433\"><a href=\"https:\/\/www.gov.pl\/web\/koronawirus\/zalecenia-dla-obiektow-handlowych-w-zwiazku-z-rozprzestrzenianiem-sie-koronawirusa\">https:\/\/www.gov.pl\/web\/koronawirus\/zalecenia-dla-obiektow-handlowych-w-zwiazku-z-rozprzestrzenianiem-sie-koronawirusa<\/a><\/td>\n<\/tr>\n<\/tbody>\n<\/table>\n<p><strong><br \/>\nMinisterstwo Edukacji Narodowej<\/strong><\/p>\n<table width=\"0\">\n<tbody>\n<tr>\n<td width=\"204\">Zaj\u0119cia opieku\u0144cze w przedszkolach, oddzia\u0142ach przedszkolnych w szko\u0142ach podstawowych i innych formach wychowania przedszkolnego<\/td>\n<td width=\"433\"><a href=\"https:\/\/www.gov.pl\/web\/edukacja\/zajecia-opiekuncze-informacja-men\">https:\/\/www.gov.pl\/web\/edukacja\/zajecia-opiekuncze-informacja-men<\/a><\/td>\n<\/tr>\n<tr>\n<td width=\"204\">Wytyczne GIS, MZ i MEN w zwi\u0105zku z otwarciem przedszkoli<\/td>\n<td width=\"433\"><a href=\"https:\/\/www.gov.pl\/web\/edukacja\/wytyczne-dla-przedszkoli\">https:\/\/www.gov.pl\/web\/edukacja\/wytyczne-dla-przedszkoli<\/a><\/td>\n<\/tr>\n<\/tbody>\n<\/table>\n<p><strong><br \/>\nMinisterstwo Nauki i Szkolnictwa Wy\u017cszego<\/strong><\/p>\n<table width=\"0\">\n<tbody>\n<tr>\n<td width=\"204\">Zalecenia dla student\u00f3w, doktorant\u00f3w i pracownik\u00f3w nauki powracaj\u0105cych z zagranicy<\/td>\n<td width=\"433\"><a href=\"https:\/\/www.gov.pl\/web\/nauka\/zalecenia-dla-studentow-doktorantow-i-pracownikow-nauki-powracajacych-z-zagranicy\">https:\/\/www.gov.pl\/web\/nauka\/zalecenia-dla-studentow-doktorantow-i-pracownikow-nauki-powracajacych-z-zagranicy<\/a><\/td>\n<\/tr>\n<tr>\n<td width=\"204\">Informacja G\u0142\u00f3wnego Inspektora Sanitarnego dla uczelni w zwi\u0105zku z potencjalnym ryzykiem zaka\u017cenia koronawirusem<\/td>\n<td width=\"433\"><a href=\"https:\/\/www.gov.pl\/web\/nauka\/informacja-glownego-inspektora-sanitarnego-dla-uczelni-w-zwiazku-z-potencjalnym-ryzykiem-zakazenia-koronawirusem\">https:\/\/www.gov.pl\/web\/nauka\/informacja-glownego-inspektora-sanitarnego-dla-uczelni-w-zwiazku-z-potencjalnym-ryzykiem-zakazenia-koronawirusem<\/a><\/td>\n<\/tr>\n<\/tbody>\n<\/table>\n<p><strong><br \/>\nMinisterstwo Kultury i Dziedzictwa Narodowego<\/strong><\/p>\n<table width=\"0\">\n<tbody>\n<tr>\n<td width=\"204\">Wytyczne dla muze\u00f3w, , galerii sztuki oraz innych instytucji kultury dzia\u0142aj\u0105cych w obszarze polityki pami\u0119ci i ochrony dziedzictwa<\/td>\n<td width=\"433\"><a href=\"https:\/\/www.gov.pl\/web\/kultura\/wytyczne-dla-muzeow-galerii-sztuki-oraz-innych-instytucji-kultury-dzialajacych-w-obszarze-polityki-pamieci-i-ochrony-dziedzictwa2\">https:\/\/www.gov.pl\/web\/kultura\/wytyczne-dla-muzeow-galerii-sztuki-oraz-innych-instytucji-kultury-dzialajacych-w-obszarze-polityki-pamieci-i-ochrony-dziedzictwa2<\/a><\/td>\n<\/tr>\n<\/tbody>\n<\/table>\n<p><strong><br \/>\nMinisterstwo Spraw Wewn\u0119trznych i Administracji<\/strong><\/p>\n<table width=\"0\">\n<tbody>\n<tr>\n<td width=\"204\">Wytyczne dot. sklep\u00f3w<\/td>\n<td width=\"433\"><a href=\"https:\/\/www.gov.pl\/web\/mswia\/od-4-maja-otwarte-min-centra-handlowe-i-hotele\">https:\/\/www.gov.pl\/web\/mswia\/od-4-maja-otwarte-min-centra-handlowe-i-hotele<\/a><\/td>\n<\/tr>\n<tr>\n<td width=\"204\">Zasady dotycz\u0105ce kwarantanny<\/td>\n<td width=\"433\"><a href=\"https:\/\/www.gov.pl\/web\/mswia\/nowe-zasady-kwarantanny-po-przekroczeniu-granicy\">https:\/\/www.gov.pl\/web\/mswia\/nowe-zasady-kwarantanny-po-przekroczeniu-granicy<\/a><\/td>\n<\/tr>\n<\/tbody>\n<\/table>\n<p><strong><br \/>\nMinisterstwo Spraw Zagranicznych<\/strong><\/p>\n<table width=\"0\">\n<tbody>\n<tr>\n<td width=\"204\">Informacje dla podr\u00f3\u017cuj\u0105cych<\/td>\n<td width=\"433\"><a href=\"https:\/\/www.gov.pl\/web\/koronawirus\/informacje-dla-podrozujacych\">https:\/\/www.gov.pl\/web\/koronawirus\/informacje-dla-podrozujacych<\/a><\/td>\n<\/tr>\n<\/tbody>\n<\/table>\n<p><strong><br \/>\nMinisterstwo Rodziny, Pracy i Polityki Spo\u0142ecznej<\/strong><\/p>\n<table width=\"0\">\n<tbody>\n<tr>\n<td width=\"204\">Bezpiecze\u0144stwo przede wszystkim. Wytyczne dla instytucji opieki nad dzie\u0107mi do lat 3<\/td>\n<td width=\"433\"><a href=\"https:\/\/www.gov.pl\/web\/rodzina\/bezpieczenstwo-przede-wszystkim-wytyczne-dla-instytucji-opieki-nad-dziecmi-do-lat-3\">https:\/\/www.gov.pl\/web\/rodzina\/bezpieczenstwo-przede-wszystkim-wytyczne-dla-instytucji-opieki-nad-dziecmi-do-lat-3<\/a><\/td>\n<\/tr>\n<\/tbody>\n<\/table>\n<p><strong><br \/>\nMinisterstwo Klimatu<\/strong><\/p>\n<table width=\"0\">\n<tbody>\n<tr>\n<td width=\"204\">Jak post\u0119powa\u0107 z odpadami w czasie epidemii koronawirusa?<\/td>\n<td width=\"433\"><a href=\"https:\/\/www.gov.pl\/web\/koronawirus\/jak-postepowac-z-odpadami-w-czasie-epidemii-koronawirusa2\">https:\/\/www.gov.pl\/web\/koronawirus\/jak-postepowac-z-odpadami-w-czasie-epidemii-koronawirusa2<\/a><\/td>\n<\/tr>\n<\/tbody>\n<\/table>\n<p>\u0179r\u00f3d\u0142o: gis.gov.pl<\/p>\n","protected":false},"excerpt":{"rendered":"<p>G\u0142\u00f3wny Inspektorat Sanitarny wsp\u00f3lnie z innymi Ministerstwami opracowuje i opiniuje aktualne wytyczne uwzgl\u0119dniaj\u0105ce specyfik\u0119 dzia\u0142ania r\u00f3\u017cnych obszar\u00f3w w zakresie aktualnej sytuacji epidemiologicznej. Poni\u017cej przedstawiamy linki, pod kt\u00f3rymi znajd\u0105 Pa\u0144stwo opublikowane wytyczne.<\/p>\n","protected":false},"author":44,"featured_media":0,"comment_status":"closed","ping_status":"closed","sticky":false,"template":"","format":"standard","meta":{"_monsterinsights_skip_tracking":false,"_monsterinsights_sitenote_active":false,"_monsterinsights_sitenote_note":"","_monsterinsights_sitenote_category":0,"footnotes":""},"categories":[1,247],"tags":[],"class_list":["post-7063","post","type-post","status-publish","format-standard","hentry","category-bez-kategorii","category-koronawirus"],"_links":{"self":[{"href":"https:\/\/wsse.krakow.pl\/page\/wp-json\/wp\/v2\/posts\/7063","targetHints":{"allow":["GET"]}}],"collection":[{"href":"https:\/\/wsse.krakow.pl\/page\/wp-json\/wp\/v2\/posts"}],"about":[{"href":"https:\/\/wsse.krakow.pl\/page\/wp-json\/wp\/v2\/types\/post"}],"author":[{"embeddable":true,"href":"https:\/\/wsse.krakow.pl\/page\/wp-json\/wp\/v2\/users\/44"}],"replies":[{"embeddable":true,"href":"https:\/\/wsse.krakow.pl\/page\/wp-json\/wp\/v2\/comments?post=7063"}],"version-history":[{"count":1,"href":"https:\/\/wsse.krakow.pl\/page\/wp-json\/wp\/v2\/posts\/7063\/revisions"}],"predecessor-version":[{"id":7064,"href":"https:\/\/wsse.krakow.pl\/page\/wp-json\/wp\/v2\/posts\/7063\/revisions\/7064"}],"wp:attachment":[{"href":"https:\/\/wsse.krakow.pl\/page\/wp-json\/wp\/v2\/media?parent=7063"}],"wp:term":[{"taxonomy":"category","embeddable":true,"href":"https:\/\/wsse.krakow.pl\/page\/wp-json\/wp\/v2\/categories?post=7063"},{"taxonomy":"post_tag","embeddable":true,"href":"https:\/\/wsse.krakow.pl\/page\/wp-json\/wp\/v2\/tags?post=7063"}],"curies":[{"name":"wp","href":"https:\/\/api.w.org\/{rel}","templated":true}]}}