{"id":7182,"date":"2020-05-21T09:30:39","date_gmt":"2020-05-21T07:30:39","guid":{"rendered":"https:\/\/wsse.krakow.pl\/page\/?p=7182"},"modified":"2020-05-21T09:31:08","modified_gmt":"2020-05-21T07:31:08","slug":"wytyczne-dotyczace-organizowania-i-przeprowadzania-egzaminow-zewnetrznych-osmoklasisty-gimnazjalnego-maturalnego-potwierdzajacego-kwalifikacje-w-zawodzie-oraz-zawodowego-w-2020-r","status":"publish","type":"post","link":"https:\/\/wsse.krakow.pl\/page\/wytyczne-dotyczace-organizowania-i-przeprowadzania-egzaminow-zewnetrznych-osmoklasisty-gimnazjalnego-maturalnego-potwierdzajacego-kwalifikacje-w-zawodzie-oraz-zawodowego-w-2020-r\/","title":{"rendered":"Wytyczne dotycz\u0105ce organizowania i przeprowadzania egzamin\u00f3w zewn\u0119trznych: \u00f3smoklasisty, gimnazjalnego, maturalnego, potwierdzaj\u0105cego kwalifikacje w zawodzie oraz zawodowego w 2020 r."},"content":{"rendered":"<p>Szanowni Pa\u0144stwo!<\/p>\n<p>Centralna Komisja Egzaminacyjna, Ministerstwo Edukacji Narodowej oraz G\u0142\u00f3wny Inspektorat Sanitarny przygotowa\u0142y wytyczne dotycz\u0105ce organizowania i przeprowadzania egzamin\u00f3w zewn\u0119trznych: \u00f3smoklasisty, gimnazjalnego, maturalnego, potwierdzaj\u0105cego kwalifikacje w zawodzie oraz zawodowego w 2020 r.<\/p>\n<p><!--more--><\/p>\n<p>https:\/\/www.gov.pl\/web\/edukacja\/przygotowania-do-egzaminow-zewnetrznych-wytyczne-men-cke-i-gis<\/p>\n<p>\u0179r\u00f3d\u0142o: gov.pl<\/p>\n<!-- WP Attachments -->\r\n        <div style=\"width:100%;margin:10px 0 10px 0;\">\r\n            <h3>Pliki do pobrania:<\/h3>\r\n        <ul class=\"post-attachments\"><li class=\"post-attachment mime-application-pdf\"><a href=\"https:\/\/wsse.krakow.pl\/page\/wytyczne-dotyczace-organizowania-i-przeprowadzania-egzaminow-zewnetrznych-osmoklasisty-gimnazjalnego-maturalnego-potwierdzajacego-kwalifikacje-w-zawodzie-oraz-zawodowego-w-2020-r\/?download=7183\">WYTYCZNE_Przeprowadzanie_egzamin\u00f3w<\/a> <small>(510 kB)<\/small><\/li><\/ul><\/div>","protected":false},"excerpt":{"rendered":"<p>Szanowni Pa\u0144stwo! Centralna Komisja Egzaminacyjna, Ministerstwo Edukacji Narodowej oraz G\u0142\u00f3wny Inspektorat Sanitarny przygotowa\u0142y wytyczne dotycz\u0105ce organizowania i przeprowadzania egzamin\u00f3w zewn\u0119trznych: \u00f3smoklasisty, gimnazjalnego, maturalnego, potwierdzaj\u0105cego kwalifikacje w zawodzie oraz zawodowego w 2020 r. Pliki do pobrania: WYTYCZNE_Przeprowadzanie_egzamin\u00f3w (510 kB)<\/p>\n","protected":false},"author":44,"featured_media":0,"comment_status":"closed","ping_status":"closed","sticky":false,"template":"","format":"standard","meta":{"_monsterinsights_skip_tracking":false,"_monsterinsights_sitenote_active":false,"_monsterinsights_sitenote_note":"","_monsterinsights_sitenote_category":0,"footnotes":""},"categories":[1,247],"tags":[],"class_list":["post-7182","post","type-post","status-publish","format-standard","hentry","category-bez-kategorii","category-koronawirus"],"_links":{"self":[{"href":"https:\/\/wsse.krakow.pl\/page\/wp-json\/wp\/v2\/posts\/7182","targetHints":{"allow":["GET"]}}],"collection":[{"href":"https:\/\/wsse.krakow.pl\/page\/wp-json\/wp\/v2\/posts"}],"about":[{"href":"https:\/\/wsse.krakow.pl\/page\/wp-json\/wp\/v2\/types\/post"}],"author":[{"embeddable":true,"href":"https:\/\/wsse.krakow.pl\/page\/wp-json\/wp\/v2\/users\/44"}],"replies":[{"embeddable":true,"href":"https:\/\/wsse.krakow.pl\/page\/wp-json\/wp\/v2\/comments?post=7182"}],"version-history":[{"count":2,"href":"https:\/\/wsse.krakow.pl\/page\/wp-json\/wp\/v2\/posts\/7182\/revisions"}],"predecessor-version":[{"id":7185,"href":"https:\/\/wsse.krakow.pl\/page\/wp-json\/wp\/v2\/posts\/7182\/revisions\/7185"}],"wp:attachment":[{"href":"https:\/\/wsse.krakow.pl\/page\/wp-json\/wp\/v2\/media?parent=7182"}],"wp:term":[{"taxonomy":"category","embeddable":true,"href":"https:\/\/wsse.krakow.pl\/page\/wp-json\/wp\/v2\/categories?post=7182"},{"taxonomy":"post_tag","embeddable":true,"href":"https:\/\/wsse.krakow.pl\/page\/wp-json\/wp\/v2\/tags?post=7182"}],"curies":[{"name":"wp","href":"https:\/\/api.w.org\/{rel}","templated":true}]}}