{"id":8162,"date":"2020-07-27T12:39:59","date_gmt":"2020-07-27T10:39:59","guid":{"rendered":"https:\/\/wsse.krakow.pl\/page\/?p=8162"},"modified":"2020-07-27T12:39:59","modified_gmt":"2020-07-27T10:39:59","slug":"bezpieczne-wakacje-przepis-gis-uwazaj-burza","status":"publish","type":"post","link":"https:\/\/wsse.krakow.pl\/page\/bezpieczne-wakacje-przepis-gis-uwazaj-burza\/","title":{"rendered":"Bezpieczne Wakacje \u2013 Przepis GIS: Uwa\u017caj \u2013 burza!"},"content":{"rendered":"<p><img loading=\"lazy\" decoding=\"async\" class=\"attachment-full size-full wp-post-image\" src=\"https:\/\/gis.gov.pl\/wp-content\/uploads\/2020\/07\/burze-COVER.png\" sizes=\"auto, (max-width: 1920px) 100vw, 1920px\" srcset=\"https:\/\/gis.gov.pl\/wp-content\/uploads\/2020\/07\/burze-COVER.png 1920w, https:\/\/gis.gov.pl\/wp-content\/uploads\/2020\/07\/burze-COVER-300x169.png 300w, https:\/\/gis.gov.pl\/wp-content\/uploads\/2020\/07\/burze-COVER-768x432.png 768w, https:\/\/gis.gov.pl\/wp-content\/uploads\/2020\/07\/burze-COVER-1024x576.png 1024w\" alt=\"\" width=\"1920\" height=\"1080\" \/><\/p>\n<h3>W ramach kampanii BEZPIECZNE WAKACJE \u2013 PRZEPIS GIS ostrzegamy przed burzami, kt\u00f3re stanowi\u0105 zagro\u017cenie.<\/h3>\n<p>Burza to jedno lub kilka nag\u0142ych wy\u0142adowa\u0144 atmosferycznych. Wy\u0142adowania maj\u0105 miejsce pomi\u0119dzy chmurami oraz mi\u0119dzy chmur\u0105 a ziemi\u0105. Opady deszczu, gradobicie lub silny wiatr to zjawiska towarzysz\u0105ce burzy.<\/p>\n<p><!--more--><\/p>\n<p>Bezpiecznym miejscem na czas burzy jest wn\u0119trze budynku.<\/p>\n<p><img loading=\"lazy\" decoding=\"async\" class=\"alignnone size-large wp-image-20696\" src=\"http:\/\/gis.gov.pl\/wp-content\/uploads\/2020\/07\/01-burza-start-1024x1024.png\" sizes=\"auto, (max-width: 1024px) 100vw, 1024px\" srcset=\"https:\/\/gis.gov.pl\/wp-content\/uploads\/2020\/07\/01-burza-start-1024x1024.png 1024w, https:\/\/gis.gov.pl\/wp-content\/uploads\/2020\/07\/01-burza-start-150x150.png 150w, https:\/\/gis.gov.pl\/wp-content\/uploads\/2020\/07\/01-burza-start-300x300.png 300w, https:\/\/gis.gov.pl\/wp-content\/uploads\/2020\/07\/01-burza-start-768x768.png 768w, https:\/\/gis.gov.pl\/wp-content\/uploads\/2020\/07\/01-burza-start.png 1200w\" alt=\"\" width=\"1024\" height=\"1024\" \/><\/p>\n<p><strong><u>Co nale\u017cy zrobi\u0107 gdy burza spotka nas w terenie?<\/u><\/strong><\/p>\n<ul>\n<li>jak najszybciej znale\u017a\u0107 bezpieczne schronienie<\/li>\n<li>unika\u0107 przebywania pod drzewami, pod s\u0142upami energetycznymi, niestabilnymi konstrukcjami i na otwartej przestrzeni<\/li>\n<li>unika\u0107 najwy\u017cszych punkt\u00f3w w okolicy \u2013 znale\u017a\u0107, o ile to mo\u017cliwe, obni\u017cenie terenu i kucn\u0105\u0107 ze z\u0142\u0105czonymi i podci\u0105gni\u0119tymi pod siebie nogami<\/li>\n<li>je\u017celi znajdujemy si\u0119 na wodzie nale\u017cy wyj\u015b\u0107 na brzeg i oddali\u0107 si\u0119 od zbiornika<\/li>\n<li>unika\u0107 dotykania przedmiot\u00f3w zrobionych z metalu oraz przebywania w ich pobli\u017cu<\/li>\n<li>pozosta\u0107 w samochodzie (je\u017celi jeste\u015bmy akurat w podr\u00f3\u017cy)<\/li>\n<li>przykucn\u0105\u0107 je\u017celi czujemy \u0142adunki elektryczne w powietrzu<\/li>\n<li>osoby przebywaj\u0105ce w grupie na otwartej przestrzeni powinny si\u0119 rozproszy\u0107 na odleg\u0142o\u015b\u0107 kilkudziesi\u0119ciu metr\u00f3w, aby m\u00f3c udzieli\u0107 pomocy gdy dojdzie do pora\u017cenia<\/li>\n<li>je\u017celi widzisz zwisaj\u0105ce przewody elektryczne, natychmiast powiadom odpowiednie s\u0142u\u017cby<\/li>\n<\/ul>\n<p><img loading=\"lazy\" decoding=\"async\" class=\"alignnone size-large wp-image-20697\" src=\"http:\/\/gis.gov.pl\/wp-content\/uploads\/2020\/07\/02-burza-w-terenie-1024x1024.png\" sizes=\"auto, (max-width: 1024px) 100vw, 1024px\" srcset=\"https:\/\/gis.gov.pl\/wp-content\/uploads\/2020\/07\/02-burza-w-terenie-1024x1024.png 1024w, https:\/\/gis.gov.pl\/wp-content\/uploads\/2020\/07\/02-burza-w-terenie-150x150.png 150w, https:\/\/gis.gov.pl\/wp-content\/uploads\/2020\/07\/02-burza-w-terenie-300x300.png 300w, https:\/\/gis.gov.pl\/wp-content\/uploads\/2020\/07\/02-burza-w-terenie-768x768.png 768w, https:\/\/gis.gov.pl\/wp-content\/uploads\/2020\/07\/02-burza-w-terenie.png 1200w\" alt=\"\" width=\"1024\" height=\"1024\" \/><\/p>\n<p><strong><u>Burza podczas przebywania w budynku<\/u><\/strong><\/p>\n<ul>\n<li>unika\u0107 u\u017cywania sprz\u0119t\u00f3w elektrycznych i elektronicznych zasilanych z sieci oraz telefon\u00f3w kom\u00f3rkowych<\/li>\n<li>od\u0142\u0105czy\u0107 od sieci elektroniczny sprz\u0119t domowy<\/li>\n<li>zabezpieczy\u0107 okna, drzwi i przedmioty kt\u00f3re mog\u0105 zosta\u0107 porwane przez wiatr<\/li>\n<li>przygotowa\u0107 latark\u0119 z bateriami<\/li>\n<li>je\u017celi widzisz iskrzenie domowej instalacji elektrycznej, popalone przewody lub czujesz sw\u0105d \u2013 wy\u0142\u0105cz elektryczno\u015b\u0107 oraz gaz i natychmiast wezwij odpowiednie s\u0142u\u017cby techniczne<\/li>\n<\/ul>\n<p><img loading=\"lazy\" decoding=\"async\" class=\"alignnone size-large wp-image-20698\" src=\"http:\/\/gis.gov.pl\/wp-content\/uploads\/2020\/07\/03-burza-w-budynku-1024x1024.png\" sizes=\"auto, (max-width: 1024px) 100vw, 1024px\" srcset=\"https:\/\/gis.gov.pl\/wp-content\/uploads\/2020\/07\/03-burza-w-budynku-1024x1024.png 1024w, https:\/\/gis.gov.pl\/wp-content\/uploads\/2020\/07\/03-burza-w-budynku-150x150.png 150w, https:\/\/gis.gov.pl\/wp-content\/uploads\/2020\/07\/03-burza-w-budynku-300x300.png 300w, https:\/\/gis.gov.pl\/wp-content\/uploads\/2020\/07\/03-burza-w-budynku-768x768.png 768w, https:\/\/gis.gov.pl\/wp-content\/uploads\/2020\/07\/03-burza-w-budynku.png 1200w\" alt=\"\" width=\"1024\" height=\"1024\" \/><\/p>\n<p><strong><u>Pora\u017cenie piorunem \u2013 co robi\u0107<\/u><\/strong><\/p>\n<ul>\n<li>nale\u017cy zbada\u0107 stan og\u00f3lny poszkodowanego<\/li>\n<li>trzeba sprawdzi\u0107 czy oddycha i czy t\u0119tno jest wyczuwalne<\/li>\n<li>je\u017celi u osoby pora\u017conej piorunem dosz\u0142o do zatrzymania oddechu, nale\u017cy jak najszybciej rozpocz\u0105\u0107 sztuczne oddychanie, natomiast je\u017celi t\u0119tno nie jest wyczuwalne niezb\u0119dne jest rozpocz\u0119cie resuscytacji kr\u0105\u017ceniowo \u2013 oddechowej<\/li>\n<\/ul>\n<p><img loading=\"lazy\" decoding=\"async\" class=\"alignnone size-large wp-image-20699\" src=\"http:\/\/gis.gov.pl\/wp-content\/uploads\/2020\/07\/04-burza-pierwsza-pomoc-1024x1024.png\" sizes=\"auto, (max-width: 1024px) 100vw, 1024px\" srcset=\"https:\/\/gis.gov.pl\/wp-content\/uploads\/2020\/07\/04-burza-pierwsza-pomoc-1024x1024.png 1024w, https:\/\/gis.gov.pl\/wp-content\/uploads\/2020\/07\/04-burza-pierwsza-pomoc-150x150.png 150w, https:\/\/gis.gov.pl\/wp-content\/uploads\/2020\/07\/04-burza-pierwsza-pomoc-300x300.png 300w, https:\/\/gis.gov.pl\/wp-content\/uploads\/2020\/07\/04-burza-pierwsza-pomoc-768x768.png 768w, https:\/\/gis.gov.pl\/wp-content\/uploads\/2020\/07\/04-burza-pierwsza-pomoc.png 1200w\" alt=\"\" width=\"1024\" height=\"1024\" \/><\/p>\n<p>&nbsp;<\/p>\n<p>&nbsp;<\/p>\n<p>\u017ar\u00f3d\u0142o:www.gis.gov.pl<\/p>\n","protected":false},"excerpt":{"rendered":"<p>W ramach kampanii BEZPIECZNE WAKACJE \u2013 PRZEPIS GIS ostrzegamy przed burzami, kt\u00f3re stanowi\u0105 zagro\u017cenie. Burza to jedno lub kilka nag\u0142ych wy\u0142adowa\u0144 atmosferycznych. Wy\u0142adowania maj\u0105 miejsce pomi\u0119dzy chmurami oraz mi\u0119dzy chmur\u0105 a ziemi\u0105. Opady deszczu, gradobicie lub silny wiatr to zjawiska towarzysz\u0105ce burzy.<\/p>\n","protected":false},"author":50,"featured_media":0,"comment_status":"closed","ping_status":"closed","sticky":false,"template":"","format":"standard","meta":{"_monsterinsights_skip_tracking":false,"_monsterinsights_sitenote_active":false,"_monsterinsights_sitenote_note":"","_monsterinsights_sitenote_category":0,"footnotes":""},"categories":[262,5],"tags":[],"class_list":["post-8162","post","type-post","status-publish","format-standard","hentry","category-kampania-bezpieczne-wakacje","category-wsse"],"_links":{"self":[{"href":"https:\/\/wsse.krakow.pl\/page\/wp-json\/wp\/v2\/posts\/8162","targetHints":{"allow":["GET"]}}],"collection":[{"href":"https:\/\/wsse.krakow.pl\/page\/wp-json\/wp\/v2\/posts"}],"about":[{"href":"https:\/\/wsse.krakow.pl\/page\/wp-json\/wp\/v2\/types\/post"}],"author":[{"embeddable":true,"href":"https:\/\/wsse.krakow.pl\/page\/wp-json\/wp\/v2\/users\/50"}],"replies":[{"embeddable":true,"href":"https:\/\/wsse.krakow.pl\/page\/wp-json\/wp\/v2\/comments?post=8162"}],"version-history":[{"count":1,"href":"https:\/\/wsse.krakow.pl\/page\/wp-json\/wp\/v2\/posts\/8162\/revisions"}],"predecessor-version":[{"id":8163,"href":"https:\/\/wsse.krakow.pl\/page\/wp-json\/wp\/v2\/posts\/8162\/revisions\/8163"}],"wp:attachment":[{"href":"https:\/\/wsse.krakow.pl\/page\/wp-json\/wp\/v2\/media?parent=8162"}],"wp:term":[{"taxonomy":"category","embeddable":true,"href":"https:\/\/wsse.krakow.pl\/page\/wp-json\/wp\/v2\/categories?post=8162"},{"taxonomy":"post_tag","embeddable":true,"href":"https:\/\/wsse.krakow.pl\/page\/wp-json\/wp\/v2\/tags?post=8162"}],"curies":[{"name":"wp","href":"https:\/\/api.w.org\/{rel}","templated":true}]}}