{"id":8173,"date":"2020-07-29T07:26:52","date_gmt":"2020-07-29T05:26:52","guid":{"rendered":"https:\/\/wsse.krakow.pl\/page\/?p=8173"},"modified":"2020-07-29T07:27:43","modified_gmt":"2020-07-29T05:27:43","slug":"wstrzymanie-przyjmowania-probek-do-badan-15","status":"publish","type":"post","link":"https:\/\/wsse.krakow.pl\/page\/wstrzymanie-przyjmowania-probek-do-badan-15\/","title":{"rendered":"Wstrzymanie przyjmowania pr\u00f3bek do bada\u0144"},"content":{"rendered":"<p><img loading=\"lazy\" decoding=\"async\" class=\"wp-image-5634 alignleft\" src=\"https:\/\/wsse.krakow.pl\/page\/wp-content\/uploads\/2020\/01\/exclamation-40026-1-300x300.png\" alt=\"\" width=\"146\" height=\"146\" srcset=\"https:\/\/wsse.krakow.pl\/page\/wp-content\/uploads\/2020\/01\/exclamation-40026-1-300x300.png 300w, https:\/\/wsse.krakow.pl\/page\/wp-content\/uploads\/2020\/01\/exclamation-40026-1-1500x1500.png 1500w, https:\/\/wsse.krakow.pl\/page\/wp-content\/uploads\/2020\/01\/exclamation-40026-1-150x150.png 150w, https:\/\/wsse.krakow.pl\/page\/wp-content\/uploads\/2020\/01\/exclamation-40026-1-768x768.png 768w, https:\/\/wsse.krakow.pl\/page\/wp-content\/uploads\/2020\/01\/exclamation-40026-1-1536x1536.png 1536w, https:\/\/wsse.krakow.pl\/page\/wp-content\/uploads\/2020\/01\/exclamation-40026-1.png 1920w\" sizes=\"auto, (max-width: 146px) 100vw, 146px\" \/><\/p>\n<p>Dzia\u0142 Laboratoryjny Wojew\u00f3dzkiej Stacji Sanitarno-Epidemiologicznej w Krakowie informuje, i\u017c w zwi\u0105zku z tym, \u017ce 14 sierpnia 2020 r. jest dniem wolnym w Wojew\u00f3dzkiej Stacji Sanitarno-Epidemiologicznej w Krakowie (za \u015bwi\u0119to przypadaj\u0105ce w sobot\u0119 15 sierpnia br.), w celu zachowania post\u0119powania zgodnego z procedurami badawczymi, <strong>wstrzymane zostanie przyjmowanie pr\u00f3bek do bada\u0144 wody, \u017cywno\u015bci oraz ka\u0142u w dniach 11 i 12 sierpnia 2020 r.<\/strong><\/p>\n<p>Wznowienie przyjmowania pr\u00f3bek do bada\u0144 nast\u0105pi 17 sierpnia 2020 r.<\/p>\n","protected":false},"excerpt":{"rendered":"<p>Dzia\u0142 Laboratoryjny Wojew\u00f3dzkiej Stacji Sanitarno-Epidemiologicznej w Krakowie informuje, i\u017c w zwi\u0105zku z tym, \u017ce 14 sierpnia 2020 r. jest dniem wolnym w Wojew\u00f3dzkiej Stacji Sanitarno-Epidemiologicznej w Krakowie (za \u015bwi\u0119to przypadaj\u0105ce w sobot\u0119 15 sierpnia br.), w celu zachowania post\u0119powania zgodnego z procedurami badawczymi, wstrzymane zostanie przyjmowanie pr\u00f3bek do bada\u0144 wody, \u017cywno\u015bci oraz ka\u0142u w dniach [&hellip;]<\/p>\n","protected":false},"author":29,"featured_media":0,"comment_status":"closed","ping_status":"closed","sticky":false,"template":"","format":"standard","meta":{"_monsterinsights_skip_tracking":false,"_monsterinsights_sitenote_active":false,"_monsterinsights_sitenote_note":"","_monsterinsights_sitenote_category":0,"footnotes":""},"categories":[4],"tags":[],"class_list":["post-8173","post","type-post","status-publish","format-standard","hentry","category-komunikaty"],"_links":{"self":[{"href":"https:\/\/wsse.krakow.pl\/page\/wp-json\/wp\/v2\/posts\/8173","targetHints":{"allow":["GET"]}}],"collection":[{"href":"https:\/\/wsse.krakow.pl\/page\/wp-json\/wp\/v2\/posts"}],"about":[{"href":"https:\/\/wsse.krakow.pl\/page\/wp-json\/wp\/v2\/types\/post"}],"author":[{"embeddable":true,"href":"https:\/\/wsse.krakow.pl\/page\/wp-json\/wp\/v2\/users\/29"}],"replies":[{"embeddable":true,"href":"https:\/\/wsse.krakow.pl\/page\/wp-json\/wp\/v2\/comments?post=8173"}],"version-history":[{"count":5,"href":"https:\/\/wsse.krakow.pl\/page\/wp-json\/wp\/v2\/posts\/8173\/revisions"}],"predecessor-version":[{"id":8179,"href":"https:\/\/wsse.krakow.pl\/page\/wp-json\/wp\/v2\/posts\/8173\/revisions\/8179"}],"wp:attachment":[{"href":"https:\/\/wsse.krakow.pl\/page\/wp-json\/wp\/v2\/media?parent=8173"}],"wp:term":[{"taxonomy":"category","embeddable":true,"href":"https:\/\/wsse.krakow.pl\/page\/wp-json\/wp\/v2\/categories?post=8173"},{"taxonomy":"post_tag","embeddable":true,"href":"https:\/\/wsse.krakow.pl\/page\/wp-json\/wp\/v2\/tags?post=8173"}],"curies":[{"name":"wp","href":"https:\/\/api.w.org\/{rel}","templated":true}]}}